{"id":82040,"date":"2019-01-23T05:55:37","date_gmt":"2019-01-23T08:55:37","guid":{"rendered":"http:\/\/www.caririemacao.com\/1\/?p=82040"},"modified":"2019-01-23T05:55:39","modified_gmt":"2019-01-23T08:55:39","slug":"opiniao-por-que-a-peticao-para-lula-ganhar-o-nobel-ja-tem-mais-de-500-mil-assinaturas","status":"publish","type":"post","link":"https:\/\/www.caririemacao.com\/1\/2019\/01\/23\/opiniao-por-que-a-peticao-para-lula-ganhar-o-nobel-ja-tem-mais-de-500-mil-assinaturas\/","title":{"rendered":"Opini\u00e3o: Por que a peti\u00e7\u00e3o para Lula ganhar o Nobel j\u00e1 tem mais de 500 mil assinaturas"},"content":{"rendered":"\n<p>Em seu testamento, Alfred Nobel estabeleceu um fundo com vistas a premiar, anualmente, as pessoas que se notabilizassem por promover grandes benef\u00edcios para a humanidade. Nobel estabeleceu 5 pr\u00eamios, dentre eles o da Paz. Este pr\u00eamio deveria ser outorgado \u201c\u00e0 pessoa que fez mais ou melhor na promo\u00e7\u00e3o da comunh\u00e3o entre as na\u00e7\u00f5es, para a aboli\u00e7\u00e3o ou redu\u00e7\u00e3o de ex\u00e9rcitos permanentes, e para o estabelecimento e promo\u00e7\u00e3o de processos de paz\u201d.<\/p>\n\n\n\n<p>Desde 1901 o Nobel da Paz foi concedido 99 vezes para 106 pessoas e 27 organiza\u00e7\u00f5es. Dentre alguns personagens pol\u00edticos premiados est\u00e3o Woodrow Wilson (1919), Martin Luther King (1964), Adolfo P\u00e9rez Esquivel (1980), Nelson Mandela (1993), Jimmy Carter (2002) e Barack Obama (2009). Todos estes n\u00e3o apenas empreenderam esfor\u00e7os significativos, alcan\u00e7ando altos impactos para a paz e prosperidade mundiais mas, de igual forma, inspiraram milhares de pessoas aos sentimentos de solidariedade, esperan\u00e7a e perseveran\u00e7a por um mundo melhor.<\/p>\n\n\n\n<p>Luiz In\u00e1cio Lula da Silva est\u00e1 sendo al\u00e7ado a candidato ao Nobel da Paz em 2019 por interm\u00e9dio do j\u00e1 agraciado Nobel Adolfo P\u00e9rez Esquivel. Esquivel \u00e9 ativista dos direitos humanos e da n\u00e3o viol\u00eancia, e notabilizou-se por seus trabalhos no enfrentamento dos crimes de direitos humanos \u2013 assassinatos, torturas e desaparecimentos \u2013 ocorridos durante as ditaduras militares na Am\u00e9rica Latina.<\/p>\n\n\n\n<p>A campanha iniciada por P\u00e9rez Esquivel conta atualmente com a ades\u00e3o de quase 500 mil pessoas (abaixo-assinadas). Pudera, Lula modificou drasticamente a vida de milhares de pessoas no Brasil e no mundo, tornando-se um s\u00edmbolo pol\u00edtico de esperan\u00e7a pela paz e desenvolvimento dos povos.<\/p>\n\n\n\n<p>Ainda que os elementos t\u00e9cnicos que fazem jus a Lula receber o pr\u00eamio sejam in\u00fameros, restringimo-nos aqui a ressaltar alguns daqueles que adquiriram notoriedade internacional. Em primeiro lugar est\u00e1 a contribui\u00e7\u00e3o de Lula no combate \u00e0 fome e \u00e0 pobreza, tema caro ao candidato por conhecer na pele o drama de milhares de pessoas que ainda passam fome e morrem por desnutri\u00e7\u00e3o. O segundo argumento centra-se nas contribui\u00e7\u00f5es para a seguran\u00e7a mundial e a democratiza\u00e7\u00e3o das rela\u00e7\u00f5es internacionais. Em suma: Lula honra a conquista do Nobel seja por suas contribui\u00e7\u00f5es na seara da Paz e Desenvolvimento mas, tamb\u00e9m, no campo da Paz e Seguran\u00e7a Internacional.<\/p>\n\n\n\n<p>WSCOM<\/p>\n","protected":false},"excerpt":{"rendered":"<p>Em seu testamento, Alfred Nobel estabeleceu um fundo com vistas a premiar, anualmente, as pessoas que se notabilizassem por promover grandes benef\u00edcios para a humanidade.&hellip; <\/p>\n","protected":false},"author":1,"featured_media":77383,"comment_status":"closed","ping_status":"closed","sticky":false,"template":"","format":"standard","meta":{"sfsi_plus_gutenberg_text_before_share":"","sfsi_plus_gutenberg_show_text_before_share":"","sfsi_plus_gutenberg_icon_type":"","sfsi_plus_gutenberg_icon_alignemt":"","sfsi_plus_gutenburg_max_per_row":"","footnotes":""},"categories":[11],"tags":[],"class_list":["post-82040","post","type-post","status-publish","format-standard","has-post-thumbnail","hentry","category-politica"],"_links":{"self":[{"href":"https:\/\/www.caririemacao.com\/1\/wp-json\/wp\/v2\/posts\/82040","targetHints":{"allow":["GET"]}}],"collection":[{"href":"https:\/\/www.caririemacao.com\/1\/wp-json\/wp\/v2\/posts"}],"about":[{"href":"https:\/\/www.caririemacao.com\/1\/wp-json\/wp\/v2\/types\/post"}],"author":[{"embeddable":true,"href":"https:\/\/www.caririemacao.com\/1\/wp-json\/wp\/v2\/users\/1"}],"replies":[{"embeddable":true,"href":"https:\/\/www.caririemacao.com\/1\/wp-json\/wp\/v2\/comments?post=82040"}],"version-history":[{"count":1,"href":"https:\/\/www.caririemacao.com\/1\/wp-json\/wp\/v2\/posts\/82040\/revisions"}],"predecessor-version":[{"id":82041,"href":"https:\/\/www.caririemacao.com\/1\/wp-json\/wp\/v2\/posts\/82040\/revisions\/82041"}],"wp:featuredmedia":[{"embeddable":true,"href":"https:\/\/www.caririemacao.com\/1\/wp-json\/wp\/v2\/media\/77383"}],"wp:attachment":[{"href":"https:\/\/www.caririemacao.com\/1\/wp-json\/wp\/v2\/media?parent=82040"}],"wp:term":[{"taxonomy":"category","embeddable":true,"href":"https:\/\/www.caririemacao.com\/1\/wp-json\/wp\/v2\/categories?post=82040"},{"taxonomy":"post_tag","embeddable":true,"href":"https:\/\/www.caririemacao.com\/1\/wp-json\/wp\/v2\/tags?post=82040"}],"curies":[{"name":"wp","href":"https:\/\/api.w.org\/{rel}","templated":true}]}}