{"id":82042,"date":"2019-01-23T10:07:00","date_gmt":"2019-01-23T13:07:00","guid":{"rendered":"http:\/\/www.caririemacao.com\/1\/?p=82042"},"modified":"2019-01-23T10:07:05","modified_gmt":"2019-01-23T13:07:05","slug":"paraiba-perde-mais-de-26-mil-vagas-de-emprego-formal-em-dezembro-aponta-caged","status":"publish","type":"post","link":"https:\/\/www.caririemacao.com\/1\/2019\/01\/23\/paraiba-perde-mais-de-26-mil-vagas-de-emprego-formal-em-dezembro-aponta-caged\/","title":{"rendered":"Para\u00edba perde mais de 2,6 mil vagas de emprego formal em dezembro, aponta Caged"},"content":{"rendered":"\n<p>O estado da Para\u00edba perdeu 2.616 postos de trabalho com carteira assinada no m\u00eas de dezembro de 2019, segundo dados do Cadastro Nacional de Empregados e Desempregados (Caged), divulgados nesta quarta-feira (23).<\/p>\n\n\n\n<p>Quatro setores se destacaram com redu\u00e7\u00e3o de vagas: servi\u00e7os (-859 postos), ind\u00fastria da transforma\u00e7\u00e3o (-631), constru\u00e7\u00e3o civil (-560) e agropecu\u00e1ria (-380). Entre os subsetores, perderam mais postos de trabalho o ensino (-773) e a ind\u00fastria de cal\u00e7ados (-359).<\/p>\n\n\n\n<p>Apenas o setor de servi\u00e7os industriais de utilidade p\u00fablica contratou mais que demitiu, mas teve apenas 13 novas vagas celetistas.<\/p>\n\n\n\n<p>Em rela\u00e7\u00e3o aos munic\u00edpios, Campina Grande foi o que teve o pior saldo, com menos 1.132 vagas de trabalho formal. Em seguida, Jo\u00e3o Pessoa, com -579.<\/p>\n\n\n\n<p>Sousa (18), Patos (11), Sap\u00e9 (6) e Sol\u00e2nea (6) foram os \u00fanicos munic\u00edpios pesquisados que tiveram saldo de postos de trabalho positivo, mas n\u00e3o o suficiente para gerar novos empregos no \u00e2mbito estadual.<\/p>\n\n\n\n<h2 class=\"wp-block-heading\">Saldo acumulado<\/h2>\n\n\n\n<p>Apesar do resultado negativo do m\u00eas de dezembro, o saldo acumulado do ano de 2018 foi positivo. Foram geradas 5.377 novas vagas de trabalho nos 12 meses.<\/p>\n\n\n\n<p>O aumento foi impulsionado pelo setor de servi\u00e7os, com 4.360 postos de emprego. O destaque foi para o subsetor de com\u00e9rcio e administra\u00e7\u00e3o de im\u00f3veis, valores imobili\u00e1rios e servi\u00e7o t\u00e9cnico, com saldo de 1.959.<\/p>\n\n\n\n<p>G1<\/p>\n","protected":false},"excerpt":{"rendered":"<p>O estado da Para\u00edba perdeu 2.616 postos de trabalho com carteira assinada no m\u00eas de dezembro de 2019, segundo dados do Cadastro Nacional de Empregados&hellip; <\/p>\n","protected":false},"author":1,"featured_media":9978,"comment_status":"closed","ping_status":"closed","sticky":false,"template":"","format":"standard","meta":{"sfsi_plus_gutenberg_text_before_share":"","sfsi_plus_gutenberg_show_text_before_share":"","sfsi_plus_gutenberg_icon_type":"","sfsi_plus_gutenberg_icon_alignemt":"","sfsi_plus_gutenburg_max_per_row":"","footnotes":""},"categories":[2],"tags":[],"class_list":["post-82042","post","type-post","status-publish","format-standard","has-post-thumbnail","hentry","category-geral"],"_links":{"self":[{"href":"https:\/\/www.caririemacao.com\/1\/wp-json\/wp\/v2\/posts\/82042","targetHints":{"allow":["GET"]}}],"collection":[{"href":"https:\/\/www.caririemacao.com\/1\/wp-json\/wp\/v2\/posts"}],"about":[{"href":"https:\/\/www.caririemacao.com\/1\/wp-json\/wp\/v2\/types\/post"}],"author":[{"embeddable":true,"href":"https:\/\/www.caririemacao.com\/1\/wp-json\/wp\/v2\/users\/1"}],"replies":[{"embeddable":true,"href":"https:\/\/www.caririemacao.com\/1\/wp-json\/wp\/v2\/comments?post=82042"}],"version-history":[{"count":1,"href":"https:\/\/www.caririemacao.com\/1\/wp-json\/wp\/v2\/posts\/82042\/revisions"}],"predecessor-version":[{"id":82043,"href":"https:\/\/www.caririemacao.com\/1\/wp-json\/wp\/v2\/posts\/82042\/revisions\/82043"}],"wp:featuredmedia":[{"embeddable":true,"href":"https:\/\/www.caririemacao.com\/1\/wp-json\/wp\/v2\/media\/9978"}],"wp:attachment":[{"href":"https:\/\/www.caririemacao.com\/1\/wp-json\/wp\/v2\/media?parent=82042"}],"wp:term":[{"taxonomy":"category","embeddable":true,"href":"https:\/\/www.caririemacao.com\/1\/wp-json\/wp\/v2\/categories?post=82042"},{"taxonomy":"post_tag","embeddable":true,"href":"https:\/\/www.caririemacao.com\/1\/wp-json\/wp\/v2\/tags?post=82042"}],"curies":[{"name":"wp","href":"https:\/\/api.w.org\/{rel}","templated":true}]}}