{"id":82044,"date":"2019-01-23T10:14:51","date_gmt":"2019-01-23T13:14:51","guid":{"rendered":"http:\/\/www.caririemacao.com\/1\/?p=82044"},"modified":"2019-01-23T10:14:55","modified_gmt":"2019-01-23T13:14:55","slug":"presidente-do-tce-destaca-inovacoes-e-avancos-alcancados-em-sua-gestao","status":"publish","type":"post","link":"https:\/\/www.caririemacao.com\/1\/2019\/01\/23\/presidente-do-tce-destaca-inovacoes-e-avancos-alcancados-em-sua-gestao\/","title":{"rendered":"Presidente do TCE destaca inova\u00e7\u00f5es e avan\u00e7os alcan\u00e7ados em sua gest\u00e3o"},"content":{"rendered":"\n<p>O presidente do Tribunal de Contas do Estado, Andr\u00e9 Carlo Torres, comentou que est\u00e1 encerrando sua gest\u00e3o na sexta-feira (25) e avaliou que nos dois \u00faltimos anos o tribunal teve muitos avan\u00e7os, contando com nova roupagem de sistema e trazendo mais transpar\u00eancia para a popula\u00e7\u00e3o.<\/p>\n\n\n\n<p>Ele afirmou que foi poss\u00edvel \u201ccolocar o tribunal na m\u00e3o das pessoas\u201d e trazer a gest\u00e3o para perto do povo<\/p>\n\n\n\n<p>Andr\u00e9 declarou que o TCE gerou mais de dois mil alertas para gestores desde 2017 e explicou que os alertas servem de orienta\u00e7\u00e3o para que os administradores corrijam pontos necess\u00e1rios. Tamb\u00e9m disse que a presta\u00e7\u00e3o de contas vai ser cotidiana a partir de ent\u00e3o, contando com o espa\u00e7o virtual onde todos podem ter acesso ao \u2018despes\u00f4metro\u2019.<\/p>\n\n\n\n<p>\u2013 O cidad\u00e3o vem se despojando cada vez mais da posi\u00e7\u00e3o passiva de recebedor de servi\u00e7os para a posi\u00e7\u00e3o ativa \u2013 disse.<\/p>\n\n\n\n<p>Andr\u00e9 ainda destacou que o tribunal possui metas a serem cumpridas at\u00e9 2023 e citou que mais um aplicativo do TCE em parceria com o governo do Estado ser\u00e1 entregue \u00e0 popula\u00e7\u00e3o dentro dos pr\u00f3ximos meses, onde o cidad\u00e3o pode encontrar o objeto que quer comprar pelo pre\u00e7o mais barato.<\/p>\n\n\n\n<p>Ele disse ainda que as pessoas podem ter acesso ao aplicativo de celular \u2018Voc\u00ea Digital\u2019, onde \u00e9 poss\u00edvel avaliar os servi\u00e7os p\u00fablicos com vota\u00e7\u00e3o por estrelas, fotos ou filmagens.<\/p>\n\n\n\n<p>\u2013 Esse aplicativo de celular \u00e9 mais um produto que est\u00e1 em constru\u00e7\u00e3o e daqui a poucos meses dever\u00e1 estar nas m\u00e3os dos paraibanos \u2013 disse.<\/p>\n\n\n\n<p>PARAIBA ONLINE<\/p>\n","protected":false},"excerpt":{"rendered":"<p>O presidente do Tribunal de Contas do Estado, Andr\u00e9 Carlo Torres, comentou que est\u00e1 encerrando sua gest\u00e3o na sexta-feira (25) e avaliou que nos dois&hellip; <\/p>\n","protected":false},"author":1,"featured_media":39105,"comment_status":"closed","ping_status":"closed","sticky":false,"template":"","format":"standard","meta":{"sfsi_plus_gutenberg_text_before_share":"","sfsi_plus_gutenberg_show_text_before_share":"","sfsi_plus_gutenberg_icon_type":"","sfsi_plus_gutenberg_icon_alignemt":"","sfsi_plus_gutenburg_max_per_row":"","footnotes":""},"categories":[11],"tags":[],"class_list":["post-82044","post","type-post","status-publish","format-standard","has-post-thumbnail","hentry","category-politica"],"_links":{"self":[{"href":"https:\/\/www.caririemacao.com\/1\/wp-json\/wp\/v2\/posts\/82044","targetHints":{"allow":["GET"]}}],"collection":[{"href":"https:\/\/www.caririemacao.com\/1\/wp-json\/wp\/v2\/posts"}],"about":[{"href":"https:\/\/www.caririemacao.com\/1\/wp-json\/wp\/v2\/types\/post"}],"author":[{"embeddable":true,"href":"https:\/\/www.caririemacao.com\/1\/wp-json\/wp\/v2\/users\/1"}],"replies":[{"embeddable":true,"href":"https:\/\/www.caririemacao.com\/1\/wp-json\/wp\/v2\/comments?post=82044"}],"version-history":[{"count":1,"href":"https:\/\/www.caririemacao.com\/1\/wp-json\/wp\/v2\/posts\/82044\/revisions"}],"predecessor-version":[{"id":82045,"href":"https:\/\/www.caririemacao.com\/1\/wp-json\/wp\/v2\/posts\/82044\/revisions\/82045"}],"wp:featuredmedia":[{"embeddable":true,"href":"https:\/\/www.caririemacao.com\/1\/wp-json\/wp\/v2\/media\/39105"}],"wp:attachment":[{"href":"https:\/\/www.caririemacao.com\/1\/wp-json\/wp\/v2\/media?parent=82044"}],"wp:term":[{"taxonomy":"category","embeddable":true,"href":"https:\/\/www.caririemacao.com\/1\/wp-json\/wp\/v2\/categories?post=82044"},{"taxonomy":"post_tag","embeddable":true,"href":"https:\/\/www.caririemacao.com\/1\/wp-json\/wp\/v2\/tags?post=82044"}],"curies":[{"name":"wp","href":"https:\/\/api.w.org\/{rel}","templated":true}]}}