{"id":82046,"date":"2019-01-23T10:19:03","date_gmt":"2019-01-23T13:19:03","guid":{"rendered":"http:\/\/www.caririemacao.com\/1\/?p=82046"},"modified":"2019-01-23T10:19:07","modified_gmt":"2019-01-23T13:19:07","slug":"adolescente-envolvido-no-grave-acidente-automobilistico-entre-os-municipios-de-monteiro-e-zabele-que-vitimou-um-casal-de-jovens-no-ultimo-domingo-e-apreendido","status":"publish","type":"post","link":"https:\/\/www.caririemacao.com\/1\/2019\/01\/23\/adolescente-envolvido-no-grave-acidente-automobilistico-entre-os-municipios-de-monteiro-e-zabele-que-vitimou-um-casal-de-jovens-no-ultimo-domingo-e-apreendido\/","title":{"rendered":"Adolescente envolvido no grave acidente automobil\u00edstico entre os munic\u00edpios de Monteiro e Zabel\u00ea que vitimou um casal de jovens no \u00faltimo domingo \u00e9 apreendido"},"content":{"rendered":"\n<p> A Pol\u00edcia Civil, por interm\u00e9dio do Grupo T\u00e1tico Especial \u2013 GTE e a Equipe do Ordin\u00e1rio Plantonista da 14 DSPC\/MONTEIRO, apreendeu em flagrante de Ato Infracional an\u00e1logo ao crime de Homic\u00eddio Culposo, o adolescente de 17 anos envolvido no grave acidente automobil\u00edstico que vitimou um casal de jovens.<br>No acidente, morreram Alaine Charles de Melo Alves e Juciely da Silva, ocorrido no \u00faltimo dia domingo (20\/01\/2019), na localidade denominada Serra Negra, entre os munic\u00edpios de Monteiro e Zabel\u00ea, quando retornavam de uma festa em S\u00e3o Sebasti\u00e3o do Umbuzeiro, local este onde o menor infrator tamb\u00e9m estava.<br>O ve\u00edculo conduzido pelo menor (modelo CELTA), colidiu na traseiro do autom\u00f3vel que seguia as v\u00edtimas, tendo este capotado v\u00e1rias vezes, ocasionando a morte do jovem casal.As duas v\u00edtimas eram bastante conhecidas na regi\u00e3o de Monteiro\/PB. <\/p>\n\n\n\n<p>VITRINE DO CARIRI<\/p>\n","protected":false},"excerpt":{"rendered":"<p>A Pol\u00edcia Civil, por interm\u00e9dio do Grupo T\u00e1tico Especial \u2013 GTE e a Equipe do Ordin\u00e1rio Plantonista da 14 DSPC\/MONTEIRO, apreendeu em flagrante de Ato&hellip; <\/p>\n","protected":false},"author":1,"featured_media":81714,"comment_status":"closed","ping_status":"closed","sticky":false,"template":"","format":"standard","meta":{"sfsi_plus_gutenberg_text_before_share":"","sfsi_plus_gutenberg_show_text_before_share":"","sfsi_plus_gutenberg_icon_type":"","sfsi_plus_gutenberg_icon_alignemt":"","sfsi_plus_gutenburg_max_per_row":"","footnotes":""},"categories":[50,12],"tags":[],"class_list":["post-82046","post","type-post","status-publish","format-standard","has-post-thumbnail","hentry","category-destaque","category-policia"],"_links":{"self":[{"href":"https:\/\/www.caririemacao.com\/1\/wp-json\/wp\/v2\/posts\/82046","targetHints":{"allow":["GET"]}}],"collection":[{"href":"https:\/\/www.caririemacao.com\/1\/wp-json\/wp\/v2\/posts"}],"about":[{"href":"https:\/\/www.caririemacao.com\/1\/wp-json\/wp\/v2\/types\/post"}],"author":[{"embeddable":true,"href":"https:\/\/www.caririemacao.com\/1\/wp-json\/wp\/v2\/users\/1"}],"replies":[{"embeddable":true,"href":"https:\/\/www.caririemacao.com\/1\/wp-json\/wp\/v2\/comments?post=82046"}],"version-history":[{"count":1,"href":"https:\/\/www.caririemacao.com\/1\/wp-json\/wp\/v2\/posts\/82046\/revisions"}],"predecessor-version":[{"id":82047,"href":"https:\/\/www.caririemacao.com\/1\/wp-json\/wp\/v2\/posts\/82046\/revisions\/82047"}],"wp:featuredmedia":[{"embeddable":true,"href":"https:\/\/www.caririemacao.com\/1\/wp-json\/wp\/v2\/media\/81714"}],"wp:attachment":[{"href":"https:\/\/www.caririemacao.com\/1\/wp-json\/wp\/v2\/media?parent=82046"}],"wp:term":[{"taxonomy":"category","embeddable":true,"href":"https:\/\/www.caririemacao.com\/1\/wp-json\/wp\/v2\/categories?post=82046"},{"taxonomy":"post_tag","embeddable":true,"href":"https:\/\/www.caririemacao.com\/1\/wp-json\/wp\/v2\/tags?post=82046"}],"curies":[{"name":"wp","href":"https:\/\/api.w.org\/{rel}","templated":true}]}}