{"id":82049,"date":"2019-01-23T10:46:17","date_gmt":"2019-01-23T13:46:17","guid":{"rendered":"http:\/\/www.caririemacao.com\/1\/?p=82049"},"modified":"2019-01-23T10:46:24","modified_gmt":"2019-01-23T13:46:24","slug":"se-ele-errou-e-isso-ficar-provado-eu-lamento-como-pai-mas-ele-vai-ter-que-pagar-diz-bolsonaro-sobre-flavio","status":"publish","type":"post","link":"https:\/\/www.caririemacao.com\/1\/2019\/01\/23\/se-ele-errou-e-isso-ficar-provado-eu-lamento-como-pai-mas-ele-vai-ter-que-pagar-diz-bolsonaro-sobre-flavio\/","title":{"rendered":"&#8216;Se ele errou e isso ficar provado, eu lamento como pai, mas ele vai ter que pagar&#8217;, diz Bolsonaro sobre Fl\u00e1vio"},"content":{"rendered":"\n<p>Em entrevista nesta quarta-feira (23) para a ag\u00eancia de not\u00edcias Bloomberg, em Davos, na Su\u00ed\u00e7a, o presidente Jair Bolsonaro afirmou que se o seu filho mais velho, o senador eleito Fl\u00e1vio Bolsonaro (PSL-RJ), errou e for provado que errou, ele &#8220;vai ter que pagar&#8221; pelos atos dele.<\/p>\n\n\n\n<p>Fl\u00e1vio Bolsonaro figura no notici\u00e1rio nacional desde que um relat\u00f3rio do Conselho de Controle de Atividades Financeiras (Coaf) mostrou que Fabr\u00edcio Queiroz, ex-assessor e ex-motorista do senador eleito, movimentou R$ 1,2 milh\u00e3o em sua conta de maneira&nbsp;<a href=\"https:\/\/g1.globo.com\/rj\/rio-de-janeiro\/noticia\/2018\/12\/06\/coaf-aponta-que-ex-motorista-de-flavio-bolsonaro-movimentou-mais-de-r-12-milhao-em-operacoes-suspeitas.ghtml\">considerada &#8220;at\u00edpica&#8221;<\/a>.<\/p>\n\n\n\n<ul class=\"wp-block-list\"><li><a href=\"https:\/\/g1.globo.com\/rj\/rio-de-janeiro\/noticia\/2019\/01\/18\/caso-fabricio-queiroz-o-que-e-cronologia-dos-fatos-personagens.ghtml\"><strong>Caso Fabr\u00edcio Queiroz: o que \u00e9, cronologia dos fatos, personagens<\/strong><\/a><\/li><\/ul>\n\n\n\n<p>&#8220;Se, por acaso, ele errou e isso ficar provado, eu lamento como pai, mas ele vai ter que pagar o pre\u00e7o por essas a\u00e7\u00f5es que n\u00e3o podemos aceitar&#8221;, disse Bolsonaro \u00e0 Bloomberg.<\/p>\n\n\n\n<p>Bolsonaro est\u00e1 em Davos, na Su\u00ed\u00e7a, onde participa do F\u00f3rum Econ\u00f4mico Mundial. Bolsonaro chegou \u00e0 cidade nesta segunda-feira (21) e nesta ter\u00e7a (22)&nbsp;<a href=\"https:\/\/g1.globo.com\/politica\/noticia\/2019\/01\/22\/em-davos-bolsonaro-diz-que-brasil-e-pais-que-mais-preserva-meio-ambiente-e-defende-negocios-sem-vies-ideologico.ghtml\">discursou na abertura da sess\u00e3o<\/a>&nbsp;plen\u00e1ria do F\u00f3rum.<\/p>\n\n\n\n<h2 class=\"wp-block-heading\">Relat\u00f3rio do Coaf<\/h2>\n\n\n\n<p>Fabr\u00edcio Queiroz figura em relat\u00f3rio do Coaf, que apontou opera\u00e7\u00f5es banc\u00e1rias suspeitas de 74 servidores e ex-servidores da Assembleia Legislativa do Rio de Janeiro (Alerj).<\/p>\n\n\n\n<p>O Minist\u00e9rio P\u00fablico Estadual do Rio de Janeiro abriu&nbsp;<a href=\"https:\/\/g1.globo.com\/rj\/rio-de-janeiro\/noticia\/2019\/01\/14\/mp-pode-fazer-denuncia-sem-que-queiroz-e-bolsonaro-prestem-depoimentos-diz-procurador-geral.ghtml\">procedimento investigat\u00f3rio criminal<\/a>&nbsp;para apurar o caso, mas a<a href=\"https:\/\/g1.globo.com\/politica\/noticia\/2019\/01\/17\/ministro-do-stf-manda-suspender-apuracao-sobre-movimentacao-financeira-de-fabricio-queiroz.ghtml\">&nbsp;investiga\u00e7\u00e3o foi suspensa<\/a>&nbsp;temporariamente por decis\u00e3o do Supremo Tribunal Federal (STF) em 17 de janeiro. Quem pediu a suspens\u00e3o das investiga\u00e7\u00f5es foi Fl\u00e1vio Bolsonaro.<\/p>\n\n\n\n<p>A partir da investiga\u00e7\u00e3o do MP, o Coaf produziu um novo relat\u00f3rio. O documento aponta&nbsp;<a href=\"https:\/\/g1.globo.com\/rj\/rio-de-janeiro\/noticia\/2019\/01\/18\/coaf-aponta-que-em-1-mes-foram-feitos-48-depositos-suspeitos-a-flavio-bolsonaro-no-total-de-r-96-mil.ghtml\">movimenta\u00e7\u00f5es banc\u00e1rias suspeitas de Fl\u00e1vio Bolsonaro<\/a>. Em um m\u00eas, foram feitos quase 50 dep\u00f3sitos em dinheiro numa conta do senador, no total de R$ 96 mil.<\/p>\n\n\n\n<p>O documento traz informa\u00e7\u00f5es sobre movimenta\u00e7\u00f5es financeiras de Fl\u00e1vio Bolsonaro entre junho e julho de 2017. S\u00e3o 48 dep\u00f3sitos em esp\u00e9cie na conta do senador eleito, concentrados no autoatendimento da ag\u00eancia banc\u00e1ria que fica dentro da Assembleia Legistativa do Rio (Alerj), e sempre no mesmo valor: R$ 2 mil.<\/p>\n\n\n\n<p>Nesta ter\u00e7a-feira (22), uma for\u00e7a-tarefa do Minist\u00e9rio P\u00fablico e da Pol\u00edcia Civil do Rio de Janeiro contra mil\u00edcia que age em grilagem de terras&nbsp;<a href=\"https:\/\/g1.globo.com\/rj\/rio-de-janeiro\/noticia\/2019\/01\/22\/operacao-mira-grilagem-de-terras-pela-milicia-na-zona-oeste-do-rio.ghtml\">prendeu o major Ronald<\/a>, que foi homenageado em 2004 por Fl\u00e1vio Bolsonaro, com uma mo\u00e7\u00e3o de louvor na Alerj.<\/p>\n\n\n\n<p>A m\u00e3e e a mulher de outro denunciado na opera\u00e7\u00e3o desta ter\u00e7a-feira (22)\u00a0<a href=\"https:\/\/g1.globo.com\/rj\/rio-de-janeiro\/noticia\/2019\/01\/22\/operacao-mira-grilagem-de-terras-pela-milicia-na-zona-oeste-do-rio.ghtml\">trabalharam no gabinete de Fl\u00e1vio<\/a>\u00a0Bolsonaro na Assembleia Legislativa do Rio de Janeiro (Alerj).<\/p>\n\n\n\n<p>G1<\/p>\n","protected":false},"excerpt":{"rendered":"<p>Em entrevista nesta quarta-feira (23) para a ag\u00eancia de not\u00edcias Bloomberg, em Davos, na Su\u00ed\u00e7a, o presidente Jair Bolsonaro afirmou que se o seu filho&hellip; <\/p>\n","protected":false},"author":1,"featured_media":80566,"comment_status":"closed","ping_status":"closed","sticky":false,"template":"","format":"standard","meta":{"sfsi_plus_gutenberg_text_before_share":"","sfsi_plus_gutenberg_show_text_before_share":"","sfsi_plus_gutenberg_icon_type":"","sfsi_plus_gutenberg_icon_alignemt":"","sfsi_plus_gutenburg_max_per_row":"","footnotes":""},"categories":[11],"tags":[],"class_list":["post-82049","post","type-post","status-publish","format-standard","has-post-thumbnail","hentry","category-politica"],"_links":{"self":[{"href":"https:\/\/www.caririemacao.com\/1\/wp-json\/wp\/v2\/posts\/82049","targetHints":{"allow":["GET"]}}],"collection":[{"href":"https:\/\/www.caririemacao.com\/1\/wp-json\/wp\/v2\/posts"}],"about":[{"href":"https:\/\/www.caririemacao.com\/1\/wp-json\/wp\/v2\/types\/post"}],"author":[{"embeddable":true,"href":"https:\/\/www.caririemacao.com\/1\/wp-json\/wp\/v2\/users\/1"}],"replies":[{"embeddable":true,"href":"https:\/\/www.caririemacao.com\/1\/wp-json\/wp\/v2\/comments?post=82049"}],"version-history":[{"count":1,"href":"https:\/\/www.caririemacao.com\/1\/wp-json\/wp\/v2\/posts\/82049\/revisions"}],"predecessor-version":[{"id":82050,"href":"https:\/\/www.caririemacao.com\/1\/wp-json\/wp\/v2\/posts\/82049\/revisions\/82050"}],"wp:featuredmedia":[{"embeddable":true,"href":"https:\/\/www.caririemacao.com\/1\/wp-json\/wp\/v2\/media\/80566"}],"wp:attachment":[{"href":"https:\/\/www.caririemacao.com\/1\/wp-json\/wp\/v2\/media?parent=82049"}],"wp:term":[{"taxonomy":"category","embeddable":true,"href":"https:\/\/www.caririemacao.com\/1\/wp-json\/wp\/v2\/categories?post=82049"},{"taxonomy":"post_tag","embeddable":true,"href":"https:\/\/www.caririemacao.com\/1\/wp-json\/wp\/v2\/tags?post=82049"}],"curies":[{"name":"wp","href":"https:\/\/api.w.org\/{rel}","templated":true}]}}