{"id":82051,"date":"2019-01-23T21:33:47","date_gmt":"2019-01-24T00:33:47","guid":{"rendered":"http:\/\/www.caririemacao.com\/1\/?p=82051"},"modified":"2019-01-23T21:33:50","modified_gmt":"2019-01-24T00:33:50","slug":"motorista-morre-ao-tombar-caminhao-carregado-de-agua-mineral-na-br-230-na-paraiba","status":"publish","type":"post","link":"https:\/\/www.caririemacao.com\/1\/2019\/01\/23\/motorista-morre-ao-tombar-caminhao-carregado-de-agua-mineral-na-br-230-na-paraiba\/","title":{"rendered":"Motorista morre ao tombar caminh\u00e3o carregado de \u00e1gua mineral na BR-230, na Para\u00edba"},"content":{"rendered":"\n<p>Um motorista de 31 anos morreu em um acidente envolvendo um caminh\u00e3o carregado com \u00e1gua mineral, em Campina Grande, na tarde desta quarta-feira (23). O acidente ocorreu pr\u00f3ximo ao acesso da Al\u00e7a Sudoeste, entre as rodovias BR-104 e BR-230. Nivaldo Menezes viajava sozinho.<\/p>\n\n\n\n<p>O acidente ocorreu depois que o caminh\u00e3o tombou ao passar por uma curva. O motivo do acidente ainda est\u00e1 sendo investigado pela PRF, que informou que vai apurar a velocidade em que o caminh\u00e3o estava trafegando e analisar se havia excesso de carga ou peso. O agente da PRF, Leonardo Costa, destacou que a curva \u00e9 perigosa.<\/p>\n\n\n\n<p>Ainda de acordo com a PRF, a carga tombou e consequentemente fez o caminh\u00e3o tombar. O motorista ficou preso \u00e0s ferragens e morreu ainda no local. O Corpo de Bombeiros foi acionado para tirar o corpo das ferragens, mas o Servi\u00e7o de Atendimento M\u00f3vel de Urg\u00eancia (Samu) j\u00e1 havia confirmado a morte.<\/p>\n\n\n\n<p>Em entrevista \u00e0\u00a0<strong>TV Para\u00edba<\/strong>, familiares da v\u00edtima contaram que Nivaldo viajava de Jo\u00e3o Pessoa para Queimadas. Ele morava em Caturit\u00e9, no Cariri paraibano. A fam\u00edlia destacou que ele trabalhou muitos anos como motorista de \u00f4nibus e, nos \u00faltimos meses, estava muito feliz na profiss\u00e3o por ter conseguido comprar um caminh\u00e3o h\u00e1 dois meses e pode trabalhar de forma aut\u00f4noma<\/p>\n\n\n\n<p>G1<\/p>\n","protected":false},"excerpt":{"rendered":"<p>Um motorista de 31 anos morreu em um acidente envolvendo um caminh\u00e3o carregado com \u00e1gua mineral, em Campina Grande, na tarde desta quarta-feira (23). O&hellip; <\/p>\n","protected":false},"author":1,"featured_media":82052,"comment_status":"closed","ping_status":"closed","sticky":false,"template":"","format":"standard","meta":{"sfsi_plus_gutenberg_text_before_share":"","sfsi_plus_gutenberg_show_text_before_share":"","sfsi_plus_gutenberg_icon_type":"","sfsi_plus_gutenberg_icon_alignemt":"","sfsi_plus_gutenburg_max_per_row":"","footnotes":""},"categories":[2],"tags":[],"class_list":["post-82051","post","type-post","status-publish","format-standard","has-post-thumbnail","hentry","category-geral"],"_links":{"self":[{"href":"https:\/\/www.caririemacao.com\/1\/wp-json\/wp\/v2\/posts\/82051","targetHints":{"allow":["GET"]}}],"collection":[{"href":"https:\/\/www.caririemacao.com\/1\/wp-json\/wp\/v2\/posts"}],"about":[{"href":"https:\/\/www.caririemacao.com\/1\/wp-json\/wp\/v2\/types\/post"}],"author":[{"embeddable":true,"href":"https:\/\/www.caririemacao.com\/1\/wp-json\/wp\/v2\/users\/1"}],"replies":[{"embeddable":true,"href":"https:\/\/www.caririemacao.com\/1\/wp-json\/wp\/v2\/comments?post=82051"}],"version-history":[{"count":1,"href":"https:\/\/www.caririemacao.com\/1\/wp-json\/wp\/v2\/posts\/82051\/revisions"}],"predecessor-version":[{"id":82053,"href":"https:\/\/www.caririemacao.com\/1\/wp-json\/wp\/v2\/posts\/82051\/revisions\/82053"}],"wp:featuredmedia":[{"embeddable":true,"href":"https:\/\/www.caririemacao.com\/1\/wp-json\/wp\/v2\/media\/82052"}],"wp:attachment":[{"href":"https:\/\/www.caririemacao.com\/1\/wp-json\/wp\/v2\/media?parent=82051"}],"wp:term":[{"taxonomy":"category","embeddable":true,"href":"https:\/\/www.caririemacao.com\/1\/wp-json\/wp\/v2\/categories?post=82051"},{"taxonomy":"post_tag","embeddable":true,"href":"https:\/\/www.caririemacao.com\/1\/wp-json\/wp\/v2\/tags?post=82051"}],"curies":[{"name":"wp","href":"https:\/\/api.w.org\/{rel}","templated":true}]}}