{"id":82054,"date":"2019-01-23T21:40:45","date_gmt":"2019-01-24T00:40:45","guid":{"rendered":"http:\/\/www.caririemacao.com\/1\/?p=82054"},"modified":"2019-01-23T21:40:47","modified_gmt":"2019-01-24T00:40:47","slug":"cerca-de-50-mil-estudantes-serao-beneficiados-com-a-implantacao-de-53-escolas-cidadas-integrais-na-pb","status":"publish","type":"post","link":"https:\/\/www.caririemacao.com\/1\/2019\/01\/23\/cerca-de-50-mil-estudantes-serao-beneficiados-com-a-implantacao-de-53-escolas-cidadas-integrais-na-pb\/","title":{"rendered":"Cerca de 50 mil estudantes ser\u00e3o beneficiados com a implanta\u00e7\u00e3o de 53 Escolas Cidad\u00e3s Integrais na PB"},"content":{"rendered":"\n<p>O governador Jo\u00e3o Azev\u00eado anunciou nesta quarta-feira (23), a amplia\u00e7\u00e3o da oferta de Escolas Integrais em todo o estado. A ideia \u00e9 fazer com que&nbsp;50 mil estudantes tenham acesso as&nbsp;53 Escolas Cidad\u00e3s Integrais, em 2019. A Para\u00edba j\u00e1 possui cerca de 100 institui\u00e7\u00f5es com esse modelo educacional.&nbsp;<\/p>\n\n\n\n<p>A declara\u00e7\u00e3o foi feita durante reuni\u00e3o&nbsp;com representantes do Instituto de Corresponsabilidade pela Educa\u00e7\u00e3o (ICE), do Instituto Qualidade do Ensino (IQE) e do Instituto Sonho Grande (ISG), que apoiam a implanta\u00e7\u00e3o das Escolas Cidad\u00e3s Integrais na Para\u00edba.&nbsp;<\/p>\n\n\n\n<p>Segundo o&nbsp;secret\u00e1rio de Educa\u00e7\u00e3o, Al\u00e9ssio Trindade, a Para\u00edba apresenta dados que a colocam em segundo lugar no ranking de percentual de ofertas de ensino integral no pa\u00eds.&nbsp;<br><\/p>\n\n\n\n<p>Participaram da reuni\u00e3o o presidente do ICE, Marcos Magalh\u00e3es; a diretora do IQE, Iran Freitas; a analista de projetos do ISG, Nat\u00e1lia Braga; al\u00e9m do secret\u00e1rio de Educa\u00e7\u00e3o, Al\u00e9ssio Trindade.<\/p>\n\n\n\n<p>O governador Jo\u00e3o Azev\u00eado afirmou que o encontro teve o objetivo de estabelecer metas para a educa\u00e7\u00e3o integral na Para\u00edba e assegurou que ir\u00e1 trabalhar para universalizar este modelo de ensino, permitindo que todos os munic\u00edpios do Estado sejam contemplados com as escolas integrais.<\/p>\n\n\n\n<p>\u201cEsse \u00e9 um projeto de uma import\u00e2ncia muito grande para a educa\u00e7\u00e3o; esse \u00e9 um caminho sem volta. Essa qualifica\u00e7\u00e3o real da educa\u00e7\u00e3o resulta em avan\u00e7os na qualidade do ensino, na forma\u00e7\u00e3o do profissional e do cidad\u00e3o e vem atingindo patamares cada vez mais altos. Essa \u00e9 a nossa meta porque n\u00f3s sabemos o resultado que isso trar\u00e1 para o ensino da Para\u00edba\u201d, observou.<\/p>\n\n\n\n<p>\u201cNossas escolas t\u00eam um curr\u00edculo voltado para o desenvolvimento do projeto de vida do estudante. Todo aluno tem um acompanhamento individualizado e a oportunidade de escolher disciplinas em fun\u00e7\u00e3o de seu projeto de vida; isso estimula o aluno que tem uma forma diferenciada de aprender as disciplinas. N\u00f3s n\u00e3o formamos apenas pessoas que passam no Enem, mas n\u00f3s formamos pessoas que sabem viver em sociedade, que s\u00e3o protagonistas\u201d, argumentou.<br><\/p>\n\n\n\n<p>O presidente do ICE, Marcos Magalh\u00e3es, que trabalha com o planejamento e implanta\u00e7\u00e3o&nbsp;&nbsp;do modelo pedag\u00f3gico das Escolas Cidad\u00e3s Integrais, enalteceu o aspecto transformador do ensino na vida da juventude.&nbsp;&nbsp;\u201cOs resultados s\u00e3o transformadores porque desenvolvem o lado cognitivo e preparam o cidad\u00e3o para a vida. \u00c9 uma forma\u00e7\u00e3o muito intensa onde os alunos desenvolvem habilidades sociais e educativas. Esse \u00e9 o conceito e o objetivo da escola integral\u201d, disse.<\/p>\n\n\n\n<p>A diretora do IQE, Iran Freitas, que atua na forma\u00e7\u00e3o das equipes escolares de L\u00edngua Portuguesa e Matem\u00e1tica, destacou os resultados alcan\u00e7ados pela Para\u00edba no \u00cdndice de Desenvolvimento da Educa\u00e7\u00e3o B\u00e1sica (Ideb), ap\u00f3s os investimentos na Escola Cidad\u00e3 Integral. Ela ainda destacou o trabalho desenvolvido pelos professores para ampliar o n\u00edvel de conhecimento dos alunos.<\/p>\n\n\n\n<p>\u201cO IQE trabalha para nivelar os alunos que ingressam no Ensino M\u00e9dio Integral \u00e0 condi\u00e7\u00e3o que eles deveriam ter para cursar cada ano. \u00c9 um refor\u00e7o para a redu\u00e7\u00e3o da defasagem no ensino\u201d, explicou.<\/p>\n\n\n\n<p>CLICK PB<\/p>\n","protected":false},"excerpt":{"rendered":"<p>O governador Jo\u00e3o Azev\u00eado anunciou nesta quarta-feira (23), a amplia\u00e7\u00e3o da oferta de Escolas Integrais em todo o estado. A ideia \u00e9 fazer com que&nbsp;50&hellip; <\/p>\n","protected":false},"author":1,"featured_media":82055,"comment_status":"closed","ping_status":"closed","sticky":false,"template":"","format":"standard","meta":{"sfsi_plus_gutenberg_text_before_share":"","sfsi_plus_gutenberg_show_text_before_share":"","sfsi_plus_gutenberg_icon_type":"","sfsi_plus_gutenberg_icon_alignemt":"","sfsi_plus_gutenburg_max_per_row":"","footnotes":""},"categories":[14],"tags":[],"class_list":["post-82054","post","type-post","status-publish","format-standard","has-post-thumbnail","hentry","category-educacao"],"_links":{"self":[{"href":"https:\/\/www.caririemacao.com\/1\/wp-json\/wp\/v2\/posts\/82054","targetHints":{"allow":["GET"]}}],"collection":[{"href":"https:\/\/www.caririemacao.com\/1\/wp-json\/wp\/v2\/posts"}],"about":[{"href":"https:\/\/www.caririemacao.com\/1\/wp-json\/wp\/v2\/types\/post"}],"author":[{"embeddable":true,"href":"https:\/\/www.caririemacao.com\/1\/wp-json\/wp\/v2\/users\/1"}],"replies":[{"embeddable":true,"href":"https:\/\/www.caririemacao.com\/1\/wp-json\/wp\/v2\/comments?post=82054"}],"version-history":[{"count":1,"href":"https:\/\/www.caririemacao.com\/1\/wp-json\/wp\/v2\/posts\/82054\/revisions"}],"predecessor-version":[{"id":82056,"href":"https:\/\/www.caririemacao.com\/1\/wp-json\/wp\/v2\/posts\/82054\/revisions\/82056"}],"wp:featuredmedia":[{"embeddable":true,"href":"https:\/\/www.caririemacao.com\/1\/wp-json\/wp\/v2\/media\/82055"}],"wp:attachment":[{"href":"https:\/\/www.caririemacao.com\/1\/wp-json\/wp\/v2\/media?parent=82054"}],"wp:term":[{"taxonomy":"category","embeddable":true,"href":"https:\/\/www.caririemacao.com\/1\/wp-json\/wp\/v2\/categories?post=82054"},{"taxonomy":"post_tag","embeddable":true,"href":"https:\/\/www.caririemacao.com\/1\/wp-json\/wp\/v2\/tags?post=82054"}],"curies":[{"name":"wp","href":"https:\/\/api.w.org\/{rel}","templated":true}]}}