{"id":82063,"date":"2019-01-24T05:48:18","date_gmt":"2019-01-24T08:48:18","guid":{"rendered":"http:\/\/www.caririemacao.com\/1\/?p=82063"},"modified":"2019-01-24T05:48:22","modified_gmt":"2019-01-24T08:48:22","slug":"homem-e-condenado-a-110-anos-de-prisao-por-estupro-de-crianca-de-11-anos","status":"publish","type":"post","link":"https:\/\/www.caririemacao.com\/1\/2019\/01\/24\/homem-e-condenado-a-110-anos-de-prisao-por-estupro-de-crianca-de-11-anos\/","title":{"rendered":"Homem \u00e9 condenado a 110 anos de pris\u00e3o por estupro de crian\u00e7a de 11 anos"},"content":{"rendered":"\n<p> Um homem de 23 anos foi condenado pela Justi\u00e7a de\u00a0Campos Novos\u00a0a 110 anos de pris\u00e3o, em regime fechado, pelo estupro de vulner\u00e1vel de uma menina de 11 anos por diversas vezes. O r\u00e9u era casado com a v\u00edtima de acordo com as tradi\u00e7\u00f5es ciganas, conforme informa\u00e7\u00f5es do Tribunal de Justi\u00e7a de Santa Catarina (TJSC).<br>A senten\u00e7a \u00e9 do juiz Paulo Eduardo Huergo Farah, da \u00faltima sexta-feira (18), e foi divulgada nesta quarta (23). A a\u00e7\u00e3o tramita em segredo. O acusado est\u00e1 preso e cabe recurso ao Tribunal de Justi\u00e7a (TJSC).<br>Os crimes ocorreram em Campos Novos, entre janeiro e julho de 2015. A defesa do condenado alegou que houve consentimento da v\u00edtima e que tudo ocorreu conforme as tradi\u00e7\u00f5es ciganas. A Justi\u00e7a n\u00e3o considerou esses argumentos.<br><strong>Den\u00fancia<\/strong><br>Ap\u00f3s conclus\u00e3o da investiga\u00e7\u00e3o policial, o Minist\u00e9rio P\u00fablico ofereceu den\u00fancia do caso em setembro de 2017. O MPSC acusou o r\u00e9u de ter se aproveitado da rela\u00e7\u00e3o pr\u00f3xima que mantinha com a v\u00edtima e ter se casado com ela, a partir da\u00ed praticando os crimes contra a crian\u00e7a, que teve os bra\u00e7os e as pernas amarradas.<br>Conforme a acusa\u00e7\u00e3o, os abusos foram presenciados por diversas pessoas, que inclusive teriam ajudado o r\u00e9u a cometer os estupros.<br>&#8220;A viol\u00eancia f\u00edsica empregada contra a v\u00edtima, que ultrapassou em muito a viol\u00eancia sexual presumida em raz\u00e3o da idade dela, caracterizando, de modo inafast\u00e1vel, o crime de estupro, al\u00e9m de que cultura ou tradi\u00e7\u00e3o nenhuma, seja ela cigana ou qualquer outra, pode reconhecer como `normal&#8217; atrocidades sexuais obtemperadas em desfavor de crian\u00e7as&#8221;, afirmou o magistrado, em senten\u00e7a. <\/p>\n\n\n\n<p>G1<\/p>\n","protected":false},"excerpt":{"rendered":"<p>Um homem de 23 anos foi condenado pela Justi\u00e7a de\u00a0Campos Novos\u00a0a 110 anos de pris\u00e3o, em regime fechado, pelo estupro de vulner\u00e1vel de uma menina&hellip; <\/p>\n","protected":false},"author":1,"featured_media":69131,"comment_status":"closed","ping_status":"closed","sticky":false,"template":"","format":"standard","meta":{"sfsi_plus_gutenberg_text_before_share":"","sfsi_plus_gutenberg_show_text_before_share":"","sfsi_plus_gutenberg_icon_type":"","sfsi_plus_gutenberg_icon_alignemt":"","sfsi_plus_gutenburg_max_per_row":"","footnotes":""},"categories":[12],"tags":[],"class_list":["post-82063","post","type-post","status-publish","format-standard","has-post-thumbnail","hentry","category-policia"],"_links":{"self":[{"href":"https:\/\/www.caririemacao.com\/1\/wp-json\/wp\/v2\/posts\/82063","targetHints":{"allow":["GET"]}}],"collection":[{"href":"https:\/\/www.caririemacao.com\/1\/wp-json\/wp\/v2\/posts"}],"about":[{"href":"https:\/\/www.caririemacao.com\/1\/wp-json\/wp\/v2\/types\/post"}],"author":[{"embeddable":true,"href":"https:\/\/www.caririemacao.com\/1\/wp-json\/wp\/v2\/users\/1"}],"replies":[{"embeddable":true,"href":"https:\/\/www.caririemacao.com\/1\/wp-json\/wp\/v2\/comments?post=82063"}],"version-history":[{"count":1,"href":"https:\/\/www.caririemacao.com\/1\/wp-json\/wp\/v2\/posts\/82063\/revisions"}],"predecessor-version":[{"id":82064,"href":"https:\/\/www.caririemacao.com\/1\/wp-json\/wp\/v2\/posts\/82063\/revisions\/82064"}],"wp:featuredmedia":[{"embeddable":true,"href":"https:\/\/www.caririemacao.com\/1\/wp-json\/wp\/v2\/media\/69131"}],"wp:attachment":[{"href":"https:\/\/www.caririemacao.com\/1\/wp-json\/wp\/v2\/media?parent=82063"}],"wp:term":[{"taxonomy":"category","embeddable":true,"href":"https:\/\/www.caririemacao.com\/1\/wp-json\/wp\/v2\/categories?post=82063"},{"taxonomy":"post_tag","embeddable":true,"href":"https:\/\/www.caririemacao.com\/1\/wp-json\/wp\/v2\/tags?post=82063"}],"curies":[{"name":"wp","href":"https:\/\/api.w.org\/{rel}","templated":true}]}}