{"id":82065,"date":"2019-01-24T05:56:34","date_gmt":"2019-01-24T08:56:34","guid":{"rendered":"http:\/\/www.caririemacao.com\/1\/?p=82065"},"modified":"2019-01-24T05:56:36","modified_gmt":"2019-01-24T08:56:36","slug":"prefeito-de-sume-anuncia-obra-de-abastecimento-dagua-conseguida-com-o-apoio-de-veneziano-para-o-sitio-santo-agostinho-e-adjacencias","status":"publish","type":"post","link":"https:\/\/www.caririemacao.com\/1\/2019\/01\/24\/prefeito-de-sume-anuncia-obra-de-abastecimento-dagua-conseguida-com-o-apoio-de-veneziano-para-o-sitio-santo-agostinho-e-adjacencias\/","title":{"rendered":"Prefeito de Sum\u00e9 anuncia obra de abastecimento d\u2019\u00e1gua conseguida com o apoio de Veneziano para o S\u00edtio Santo Agostinho e adjac\u00eancias"},"content":{"rendered":"\n<p> O prefeito de Sum\u00e9 \u00c9den Duarte anunciou que o munic\u00edpio de Sum\u00e9 acaba de ser contemplado com recursos na ordem de R$ 400 mil para obra de sistema de abastecimento d\u2019\u00e1gua. Os recursos s\u00e3o provenientes de emenda indicada pelo Deputado Federal e Senador Diplomado Veneziano Vital do R\u00eago (PSB) e a obra ser\u00e1 executada atrav\u00e9s de conv\u00eanio com a Funda\u00e7\u00e3o Nacional de Sa\u00fade (Funasa). <\/p>\n\n\n\n<p>O sistema ser\u00e1 implantado na comunidade de Santo Agostinho alcan\u00e7ando tamb\u00e9m as comunidades de Jaguaribe, s\u00edtio da Bananeira, s\u00edtio Sacada e Cinco Vacas. Ser\u00e3o beneficiadas 53 fam\u00edlias. A obra de abastecimento contar\u00e1 tamb\u00e9m com um sistema de dessaliniza\u00e7\u00e3o e \u00e9 composta por um po\u00e7o tubular profundo e uma caixa elevada de 20 mil litros.<\/p>\n\n\n\n<p>O prefeito informou que a destina\u00e7\u00e3o dos recursos para a obra foi um compromisso firmado pelo senador Veneziano Vital com o munic\u00edpio de Sum\u00e9 e ainda afirmou que ele ser\u00e1 um parceiro imprescind\u00edvel para o desenvolvimento do munic\u00edpio.<\/p>\n\n\n\n<p>\u201cAl\u00e9m de ajudar com esta obra, o senador foi fundamental para conseguir a prorroga\u00e7\u00e3o dos conv\u00eanios de substitui\u00e7\u00e3o das casas de taipa, que \u00e9 executado pelo Cisco\u201d, enfatizou o prefeito, que tamb\u00e9m informou que sobre esse conv\u00eanio, esteve na Funasa acompanhado de Veneziano para solicitar o pedido<\/p>\n\n\n\n<p>2  pb agora<\/p>\n","protected":false},"excerpt":{"rendered":"<p>O prefeito de Sum\u00e9 \u00c9den Duarte anunciou que o munic\u00edpio de Sum\u00e9 acaba de ser contemplado com recursos na ordem de R$ 400 mil para&hellip; <\/p>\n","protected":false},"author":1,"featured_media":82066,"comment_status":"closed","ping_status":"closed","sticky":false,"template":"","format":"standard","meta":{"sfsi_plus_gutenberg_text_before_share":"","sfsi_plus_gutenberg_show_text_before_share":"","sfsi_plus_gutenberg_icon_type":"","sfsi_plus_gutenberg_icon_alignemt":"","sfsi_plus_gutenburg_max_per_row":"","footnotes":""},"categories":[11],"tags":[],"class_list":["post-82065","post","type-post","status-publish","format-standard","has-post-thumbnail","hentry","category-politica"],"_links":{"self":[{"href":"https:\/\/www.caririemacao.com\/1\/wp-json\/wp\/v2\/posts\/82065","targetHints":{"allow":["GET"]}}],"collection":[{"href":"https:\/\/www.caririemacao.com\/1\/wp-json\/wp\/v2\/posts"}],"about":[{"href":"https:\/\/www.caririemacao.com\/1\/wp-json\/wp\/v2\/types\/post"}],"author":[{"embeddable":true,"href":"https:\/\/www.caririemacao.com\/1\/wp-json\/wp\/v2\/users\/1"}],"replies":[{"embeddable":true,"href":"https:\/\/www.caririemacao.com\/1\/wp-json\/wp\/v2\/comments?post=82065"}],"version-history":[{"count":1,"href":"https:\/\/www.caririemacao.com\/1\/wp-json\/wp\/v2\/posts\/82065\/revisions"}],"predecessor-version":[{"id":82067,"href":"https:\/\/www.caririemacao.com\/1\/wp-json\/wp\/v2\/posts\/82065\/revisions\/82067"}],"wp:featuredmedia":[{"embeddable":true,"href":"https:\/\/www.caririemacao.com\/1\/wp-json\/wp\/v2\/media\/82066"}],"wp:attachment":[{"href":"https:\/\/www.caririemacao.com\/1\/wp-json\/wp\/v2\/media?parent=82065"}],"wp:term":[{"taxonomy":"category","embeddable":true,"href":"https:\/\/www.caririemacao.com\/1\/wp-json\/wp\/v2\/categories?post=82065"},{"taxonomy":"post_tag","embeddable":true,"href":"https:\/\/www.caririemacao.com\/1\/wp-json\/wp\/v2\/tags?post=82065"}],"curies":[{"name":"wp","href":"https:\/\/api.w.org\/{rel}","templated":true}]}}