{"id":82070,"date":"2019-01-24T06:07:14","date_gmt":"2019-01-24T09:07:14","guid":{"rendered":"http:\/\/www.caririemacao.com\/1\/?p=82070"},"modified":"2019-01-24T06:07:17","modified_gmt":"2019-01-24T09:07:17","slug":"pt-condena-apoio-de-bolsonaro-e-trump-a-juan-guaido-na-venezuela","status":"publish","type":"post","link":"https:\/\/www.caririemacao.com\/1\/2019\/01\/24\/pt-condena-apoio-de-bolsonaro-e-trump-a-juan-guaido-na-venezuela\/","title":{"rendered":"PT condena apoio de Bolsonaro e Trump a Juan Guaid\u00f3 na Venezuela"},"content":{"rendered":"\n<p> A presidente nacional do PT, senadora Gleisi Hoffmann (PR), condenou a decis\u00e3o dos presidentes Donald Trump (EUA) e Jair Bolsonaro (Brasil) de reconhecer\u00a0o l\u00edder\u00a0da Assembleia Nacional da Venezuela, Juan Guaid\u00f3, como o novo presidente da Venezuela.<br>A decis\u00e3o aconteceu nesta quarta-feira (23),\u00a0pouco depois do pr\u00f3prio Guaid\u00f3 se autoproclamar presidente durante uma manifesta\u00e7\u00e3o que reuniu milhares de pessoas em Caracas para protestar contra o ditador Nicol\u00e1s Maduro. Outros pa\u00edses tamb\u00e9m est\u00e3o fazendo o reconhecimento.<br>&#8220;Vamos ter daqui a pouco os presidentes dos Estados Unidos, do Brasil, de outros pa\u00edses interferindo na soberania e na autodetermina\u00e7\u00e3o dos pa\u00edses? Isso \u00e9 muito grave. E acho mais grave ainda o governo brasileiro se posicionar favor\u00e1vel porque isso leva a uma interven\u00e7\u00e3o, uma interven\u00e7\u00e3o desse tipo, para ser realizada, vai levar \u00e0 for\u00e7a bruta. Isso quer dizer que o presidente Bolsonaro vai enviar tropas brasileiras para Venezuela? Com que dinheiro? Colocando em risco a vida dos brasileiros?&#8221;, indagou Gleisi na tarde desta quarta, em Bras\u00edlia.<br>A senadora petista, que nas \u00faltimas elei\u00e7\u00f5es foi eleita deputada federal para a legislatura que come\u00e7a em 1\u00ba de fevereiro, criticou a condu\u00e7\u00e3o da pol\u00edtica externa do governo Bolsonaro.<br>&#8220;N\u00e3o se faz pol\u00edtica externa de forma ideol\u00f3gica. Voc\u00ea pode ter cr\u00edtica, ser oposi\u00e7\u00e3o, falar que n\u00e3o concorda com a pol\u00edtica de determinado pa\u00eds, mas voc\u00ea tem de respeitar a soberania. A soberania \u00e9 inerente aos pa\u00edses. O pa\u00eds \u00e9 soberano sobre seu territ\u00f3rio, seu povo, seus processos&#8221;, disse Gleisi Hoffmann.<br>Para a senadora petista, o Brasil deveria tentar mediar a situa\u00e7\u00e3o da Venezuela atrav\u00e9s do di\u00e1logo.<br>&#8220;O Brasil \u00e9 o maior pa\u00eds que temos na Am\u00e9rica Latina. Tem peso pol\u00edtico, tem peso econ\u00f4mico. O Brasil tinha de chamar as partes para conversar, para ver como poderia chegar a um consenso. Tinha de estar mediando com os outros pa\u00edses da Am\u00e9rica Latina, inclusive com os Estados Unidos&#8221;.<br>&#8220;N\u00e3o vai ser um reconhecimento de um candidato da oposi\u00e7\u00e3o, que n\u00e3o ganhou a elei\u00e7\u00e3o no pa\u00eds, atrav\u00e9s de outros pa\u00edses, que vai resolver o problema. N\u00f3s precisamos de uma solu\u00e7\u00e3o pac\u00edfica, como sempre fizemos, como determina a Constitui\u00e7\u00e3o brasileira&#8221;, disse a senadora. <\/p>\n\n\n\n<p>CANAL DO POVO<\/p>\n","protected":false},"excerpt":{"rendered":"<p>A presidente nacional do PT, senadora Gleisi Hoffmann (PR), condenou a decis\u00e3o dos presidentes Donald Trump (EUA) e Jair Bolsonaro (Brasil) de reconhecer\u00a0o l\u00edder\u00a0da Assembleia&hellip; <\/p>\n","protected":false},"author":1,"featured_media":52551,"comment_status":"closed","ping_status":"closed","sticky":false,"template":"","format":"standard","meta":{"sfsi_plus_gutenberg_text_before_share":"","sfsi_plus_gutenberg_show_text_before_share":"","sfsi_plus_gutenberg_icon_type":"","sfsi_plus_gutenberg_icon_alignemt":"","sfsi_plus_gutenburg_max_per_row":"","footnotes":""},"categories":[11],"tags":[],"class_list":["post-82070","post","type-post","status-publish","format-standard","has-post-thumbnail","hentry","category-politica"],"_links":{"self":[{"href":"https:\/\/www.caririemacao.com\/1\/wp-json\/wp\/v2\/posts\/82070","targetHints":{"allow":["GET"]}}],"collection":[{"href":"https:\/\/www.caririemacao.com\/1\/wp-json\/wp\/v2\/posts"}],"about":[{"href":"https:\/\/www.caririemacao.com\/1\/wp-json\/wp\/v2\/types\/post"}],"author":[{"embeddable":true,"href":"https:\/\/www.caririemacao.com\/1\/wp-json\/wp\/v2\/users\/1"}],"replies":[{"embeddable":true,"href":"https:\/\/www.caririemacao.com\/1\/wp-json\/wp\/v2\/comments?post=82070"}],"version-history":[{"count":1,"href":"https:\/\/www.caririemacao.com\/1\/wp-json\/wp\/v2\/posts\/82070\/revisions"}],"predecessor-version":[{"id":82071,"href":"https:\/\/www.caririemacao.com\/1\/wp-json\/wp\/v2\/posts\/82070\/revisions\/82071"}],"wp:featuredmedia":[{"embeddable":true,"href":"https:\/\/www.caririemacao.com\/1\/wp-json\/wp\/v2\/media\/52551"}],"wp:attachment":[{"href":"https:\/\/www.caririemacao.com\/1\/wp-json\/wp\/v2\/media?parent=82070"}],"wp:term":[{"taxonomy":"category","embeddable":true,"href":"https:\/\/www.caririemacao.com\/1\/wp-json\/wp\/v2\/categories?post=82070"},{"taxonomy":"post_tag","embeddable":true,"href":"https:\/\/www.caririemacao.com\/1\/wp-json\/wp\/v2\/tags?post=82070"}],"curies":[{"name":"wp","href":"https:\/\/api.w.org\/{rel}","templated":true}]}}