{"id":82119,"date":"2019-01-24T23:09:20","date_gmt":"2019-01-25T02:09:20","guid":{"rendered":"http:\/\/www.caririemacao.com\/1\/?p=82119"},"modified":"2019-01-24T23:09:24","modified_gmt":"2019-01-25T02:09:24","slug":"moradores-de-barra-de-sao-miguel-tentam-apagar-incendio-em-terreno-proximo-a-cidade","status":"publish","type":"post","link":"https:\/\/www.caririemacao.com\/1\/2019\/01\/24\/moradores-de-barra-de-sao-miguel-tentam-apagar-incendio-em-terreno-proximo-a-cidade\/","title":{"rendered":"Moradores de Barra de S\u00e3o Miguel tentam apagar inc\u00eandio em terreno pr\u00f3ximo a cidade"},"content":{"rendered":"\n<p>Um inc\u00eandio em uma propriedade rural de Barra de S\u00e3o Miguel, na regi\u00e3o do Cariri, no final da tarde desta quinta-feira (24), est\u00e1 preocupando moradores da cidade, que est\u00e3o buscando meios para conter as chamas.<\/p>\n\n\n\n<p>A situa\u00e7\u00e3o est\u00e1 acontecendo pr\u00f3ximo do conjunto habitacional Fazenda Nova, na sa\u00edda da Barra para Santa Cruz do Capibaribe \u2013PE.<\/p>\n\n\n\n<p>O carro pipa da Prefeitura de Barra de S\u00e3o Miguel foi para o local tentar conter o fogo. O Corpo de Bombeiros foi acionado. Populares est\u00e3o fazendo o poss\u00edvel para apagar as chamas.<\/p>\n\n\n\n<p>No final de 2018, outros casos de inc\u00eandios na vegeta\u00e7\u00e3o foram registrados na cidad<\/p>\n\n\n\n<p>BLOG DO BRUNO LIRA<\/p>\n","protected":false},"excerpt":{"rendered":"<p>Um inc\u00eandio em uma propriedade rural de Barra de S\u00e3o Miguel, na regi\u00e3o do Cariri, no final da tarde desta quinta-feira (24), est\u00e1 preocupando moradores&hellip; <\/p>\n","protected":false},"author":1,"featured_media":82120,"comment_status":"closed","ping_status":"closed","sticky":false,"template":"","format":"standard","meta":{"sfsi_plus_gutenberg_text_before_share":"","sfsi_plus_gutenberg_show_text_before_share":"","sfsi_plus_gutenberg_icon_type":"","sfsi_plus_gutenberg_icon_alignemt":"","sfsi_plus_gutenburg_max_per_row":"","footnotes":""},"categories":[6],"tags":[],"class_list":["post-82119","post","type-post","status-publish","format-standard","has-post-thumbnail","hentry","category-cidades"],"_links":{"self":[{"href":"https:\/\/www.caririemacao.com\/1\/wp-json\/wp\/v2\/posts\/82119","targetHints":{"allow":["GET"]}}],"collection":[{"href":"https:\/\/www.caririemacao.com\/1\/wp-json\/wp\/v2\/posts"}],"about":[{"href":"https:\/\/www.caririemacao.com\/1\/wp-json\/wp\/v2\/types\/post"}],"author":[{"embeddable":true,"href":"https:\/\/www.caririemacao.com\/1\/wp-json\/wp\/v2\/users\/1"}],"replies":[{"embeddable":true,"href":"https:\/\/www.caririemacao.com\/1\/wp-json\/wp\/v2\/comments?post=82119"}],"version-history":[{"count":1,"href":"https:\/\/www.caririemacao.com\/1\/wp-json\/wp\/v2\/posts\/82119\/revisions"}],"predecessor-version":[{"id":82121,"href":"https:\/\/www.caririemacao.com\/1\/wp-json\/wp\/v2\/posts\/82119\/revisions\/82121"}],"wp:featuredmedia":[{"embeddable":true,"href":"https:\/\/www.caririemacao.com\/1\/wp-json\/wp\/v2\/media\/82120"}],"wp:attachment":[{"href":"https:\/\/www.caririemacao.com\/1\/wp-json\/wp\/v2\/media?parent=82119"}],"wp:term":[{"taxonomy":"category","embeddable":true,"href":"https:\/\/www.caririemacao.com\/1\/wp-json\/wp\/v2\/categories?post=82119"},{"taxonomy":"post_tag","embeddable":true,"href":"https:\/\/www.caririemacao.com\/1\/wp-json\/wp\/v2\/tags?post=82119"}],"curies":[{"name":"wp","href":"https:\/\/api.w.org\/{rel}","templated":true}]}}