{"id":82122,"date":"2019-01-24T23:13:22","date_gmt":"2019-01-25T02:13:22","guid":{"rendered":"http:\/\/www.caririemacao.com\/1\/?p=82122"},"modified":"2019-01-24T23:13:25","modified_gmt":"2019-01-25T02:13:25","slug":"prefeitura-de-sume-solicita-apoio-da-oab-para-nomeacao-de-juiz-titular-no-municipio","status":"publish","type":"post","link":"https:\/\/www.caririemacao.com\/1\/2019\/01\/24\/prefeitura-de-sume-solicita-apoio-da-oab-para-nomeacao-de-juiz-titular-no-municipio\/","title":{"rendered":"Prefeitura de Sum\u00e9 solicita apoio da OAB para nomea\u00e7\u00e3o de juiz titular no munic\u00edpio"},"content":{"rendered":"\n<p>O vice-prefeito de Sum\u00e9, Deocleciano Barbosa (Dr\u00f3), participou na quarta-feira (23), da solenidade de inaugura\u00e7\u00e3o da sede da Subse\u00e7\u00e3o da OAB no Cariri, o evento aconteceu na cidade de Monteiro.<\/p>\n\n\n\n<p>Na ocasi\u00e3o, o vice-prefeito Dr\u00f3, entregou ao presidente da OAB na Para\u00edba, Paulo Maia e \u00e0 presidente da Subse\u00e7\u00e3o da OAB no Cariri, Taua Domiciano, um of\u00edcio em nome do prefeito \u00c9den Duarte, solicitando que a institui\u00e7\u00e3o possa interceder junto ao Tribunal de Justi\u00e7a da Para\u00edba a nomea\u00e7\u00e3o urgente de um juiz titular para a Comarca de Sum\u00e9, que atende tamb\u00e9m os munic\u00edpios do Congo e Amparo.<\/p>\n\n\n\n<p>No documento, \u00c9den ressalta que a aus\u00eancia do magistrado tem sido determinante para tornar prec\u00e1ria a condi\u00e7\u00e3o de funcionamento do judici\u00e1rio em Sum\u00e9, tanto para os advogados que militam na Comarca como para a popula\u00e7\u00e3o. \u201cH\u00e1 quase um ano, Sum\u00e9 est\u00e1 sem um titular na Comarca. Sem um juiz na cidade n\u00e3o existe a continuidade nos processos, ocasiona atraso no andamento dos feitos e remarca\u00e7\u00e3o de audi\u00eancias.<\/p>\n\n\n\n<p>O vice-prefeito Dr\u00f3 estava acompanhado do coordenador do N\u00facleo do Procon do Cariri, Cristov\u00e3o Brasil J\u00fanior.<\/p>\n\n\n\n<p>VITRINE DO CARIRI<\/p>\n","protected":false},"excerpt":{"rendered":"<p>O vice-prefeito de Sum\u00e9, Deocleciano Barbosa (Dr\u00f3), participou na quarta-feira (23), da solenidade de inaugura\u00e7\u00e3o da sede da Subse\u00e7\u00e3o da OAB no Cariri, o evento&hellip; <\/p>\n","protected":false},"author":1,"featured_media":82123,"comment_status":"closed","ping_status":"closed","sticky":false,"template":"","format":"standard","meta":{"sfsi_plus_gutenberg_text_before_share":"","sfsi_plus_gutenberg_show_text_before_share":"","sfsi_plus_gutenberg_icon_type":"","sfsi_plus_gutenberg_icon_alignemt":"","sfsi_plus_gutenburg_max_per_row":"","footnotes":""},"categories":[6],"tags":[],"class_list":["post-82122","post","type-post","status-publish","format-standard","has-post-thumbnail","hentry","category-cidades"],"_links":{"self":[{"href":"https:\/\/www.caririemacao.com\/1\/wp-json\/wp\/v2\/posts\/82122","targetHints":{"allow":["GET"]}}],"collection":[{"href":"https:\/\/www.caririemacao.com\/1\/wp-json\/wp\/v2\/posts"}],"about":[{"href":"https:\/\/www.caririemacao.com\/1\/wp-json\/wp\/v2\/types\/post"}],"author":[{"embeddable":true,"href":"https:\/\/www.caririemacao.com\/1\/wp-json\/wp\/v2\/users\/1"}],"replies":[{"embeddable":true,"href":"https:\/\/www.caririemacao.com\/1\/wp-json\/wp\/v2\/comments?post=82122"}],"version-history":[{"count":1,"href":"https:\/\/www.caririemacao.com\/1\/wp-json\/wp\/v2\/posts\/82122\/revisions"}],"predecessor-version":[{"id":82124,"href":"https:\/\/www.caririemacao.com\/1\/wp-json\/wp\/v2\/posts\/82122\/revisions\/82124"}],"wp:featuredmedia":[{"embeddable":true,"href":"https:\/\/www.caririemacao.com\/1\/wp-json\/wp\/v2\/media\/82123"}],"wp:attachment":[{"href":"https:\/\/www.caririemacao.com\/1\/wp-json\/wp\/v2\/media?parent=82122"}],"wp:term":[{"taxonomy":"category","embeddable":true,"href":"https:\/\/www.caririemacao.com\/1\/wp-json\/wp\/v2\/categories?post=82122"},{"taxonomy":"post_tag","embeddable":true,"href":"https:\/\/www.caririemacao.com\/1\/wp-json\/wp\/v2\/tags?post=82122"}],"curies":[{"name":"wp","href":"https:\/\/api.w.org\/{rel}","templated":true}]}}