{"id":82125,"date":"2019-01-25T05:16:44","date_gmt":"2019-01-25T08:16:44","guid":{"rendered":"http:\/\/www.caririemacao.com\/1\/?p=82125"},"modified":"2019-01-25T05:16:48","modified_gmt":"2019-01-25T08:16:48","slug":"senar-inscreve-para-120-vagas-em-curso-gratuito-de-tecnico-em-agronegocio-na-pb","status":"publish","type":"post","link":"https:\/\/www.caririemacao.com\/1\/2019\/01\/25\/senar-inscreve-para-120-vagas-em-curso-gratuito-de-tecnico-em-agronegocio-na-pb\/","title":{"rendered":"Senar inscreve para 120 vagas em curso gratuito de t\u00e9cnico em agroneg\u00f3cio, na PB"},"content":{"rendered":"\n<p>As inscri\u00e7\u00f5es para 120 vagas do processo seletivo para o curso t\u00e9cnico em agroneg\u00f3cio, ofertado pelo Servi\u00e7o Nacional de Aprendizagem Rural (Senar) na Para\u00edba, est\u00e3o abertas at\u00e9 o dia 14 de fevereiro.<\/p>\n\n\n\n<ul class=\"wp-block-list\"><li><a href=\"http:\/\/ead.senar.org.br\/wp-content\/uploads\/2019\/01\/20190123_EDITAL_Processo_Seletivo_2019-1.pdf\" target=\"_blank\" rel=\"noreferrer noopener\">Veja o edital do curso t\u00e9cnico em agroneg\u00f3cio do Senar<\/a><\/li><\/ul>\n\n\n\n<p>Os interessados podem se inscrever de forma gratuita,&nbsp;<a href=\"http:\/\/etec.senar.org.br\/processo-seletivo-2019-1\/\" target=\"_blank\" rel=\"noreferrer noopener\">pela internet, na p\u00e1gina do Senar<\/a>. De acordo com o<a href=\"http:\/\/ead.senar.org.br\/wp-content\/uploads\/2019\/01\/20190123_EDITAL_Processo_Seletivo_2019-1.pdf\" target=\"_blank\" rel=\"noreferrer noopener\">&nbsp;edital, \u00e9 permitida apenas uma inscri\u00e7\u00e3o por CPF&nbsp;<\/a>e \u00e9 preciso anexar documentos como o hist\u00f3rico escolar e o certificado de conclus\u00e3o do ensino m\u00e9dio, ou equivalentes. No entanto, ap\u00f3s confirmar as informa\u00e7\u00f5es, o candidato n\u00e3o poder\u00e1 alter\u00e1-las.<\/p>\n\n\n\n<p>Conforme o edital, est\u00e3o sendo ofertadas 40 vagas para cada polo paraibano, sendo esses o de Jo\u00e3o Pessoa, Campina Grande e Alagoa Grande. Interessados que sejam produtores rurais, colaboradores ou parentes desses ter\u00e3o prioridade no processo.<\/p>\n\n\n\n<p>O Senar informou que, durante as aulas, o participante deve estudar temas como t\u00e9cnicas de comercializa\u00e7\u00e3o, gest\u00e3o e aprender como planejar e auxiliar na organiza\u00e7\u00e3o e controle das atividades de gest\u00e3o do neg\u00f3cio rural.<\/p>\n\n\n\n<p>O edital aponta ainda que o curso tem 1.230 horas de dura\u00e7\u00e3o, distribu\u00eddas em quatro semestres, ou seja, dois anos. A modalidade de ensino ser\u00e1 a dist\u00e2ncia, com apenas 20% das aulas sendo encontros presenciais nos polos.<\/p>\n\n\n\n<p>Segundo o edital a lista dos candidatos classificados ser\u00e1 publicada no dia 1\u00ba de mar\u00e7o deste ano e as matr\u00edculas dever\u00e3o ser feitas do dia 6 ao dia 9 do mesmo m\u00eas, na secretaria do polo de apoio escolhido.<\/p>\n\n\n\n<p>G1<\/p>\n","protected":false},"excerpt":{"rendered":"<p>As inscri\u00e7\u00f5es para 120 vagas do processo seletivo para o curso t\u00e9cnico em agroneg\u00f3cio, ofertado pelo Servi\u00e7o Nacional de Aprendizagem Rural (Senar) na Para\u00edba, est\u00e3o&hellip; <\/p>\n","protected":false},"author":1,"featured_media":82126,"comment_status":"closed","ping_status":"closed","sticky":false,"template":"","format":"standard","meta":{"sfsi_plus_gutenberg_text_before_share":"","sfsi_plus_gutenberg_show_text_before_share":"","sfsi_plus_gutenberg_icon_type":"","sfsi_plus_gutenberg_icon_alignemt":"","sfsi_plus_gutenburg_max_per_row":"","footnotes":""},"categories":[2],"tags":[],"class_list":["post-82125","post","type-post","status-publish","format-standard","has-post-thumbnail","hentry","category-geral"],"_links":{"self":[{"href":"https:\/\/www.caririemacao.com\/1\/wp-json\/wp\/v2\/posts\/82125","targetHints":{"allow":["GET"]}}],"collection":[{"href":"https:\/\/www.caririemacao.com\/1\/wp-json\/wp\/v2\/posts"}],"about":[{"href":"https:\/\/www.caririemacao.com\/1\/wp-json\/wp\/v2\/types\/post"}],"author":[{"embeddable":true,"href":"https:\/\/www.caririemacao.com\/1\/wp-json\/wp\/v2\/users\/1"}],"replies":[{"embeddable":true,"href":"https:\/\/www.caririemacao.com\/1\/wp-json\/wp\/v2\/comments?post=82125"}],"version-history":[{"count":1,"href":"https:\/\/www.caririemacao.com\/1\/wp-json\/wp\/v2\/posts\/82125\/revisions"}],"predecessor-version":[{"id":82127,"href":"https:\/\/www.caririemacao.com\/1\/wp-json\/wp\/v2\/posts\/82125\/revisions\/82127"}],"wp:featuredmedia":[{"embeddable":true,"href":"https:\/\/www.caririemacao.com\/1\/wp-json\/wp\/v2\/media\/82126"}],"wp:attachment":[{"href":"https:\/\/www.caririemacao.com\/1\/wp-json\/wp\/v2\/media?parent=82125"}],"wp:term":[{"taxonomy":"category","embeddable":true,"href":"https:\/\/www.caririemacao.com\/1\/wp-json\/wp\/v2\/categories?post=82125"},{"taxonomy":"post_tag","embeddable":true,"href":"https:\/\/www.caririemacao.com\/1\/wp-json\/wp\/v2\/tags?post=82125"}],"curies":[{"name":"wp","href":"https:\/\/api.w.org\/{rel}","templated":true}]}}