{"id":82128,"date":"2019-01-25T05:23:06","date_gmt":"2019-01-25T08:23:06","guid":{"rendered":"http:\/\/www.caririemacao.com\/1\/?p=82128"},"modified":"2019-01-25T05:23:09","modified_gmt":"2019-01-25T08:23:09","slug":"professor-paraibano-assume-coordenacao-de-curso-de-direito-no-ceara","status":"publish","type":"post","link":"https:\/\/www.caririemacao.com\/1\/2019\/01\/25\/professor-paraibano-assume-coordenacao-de-curso-de-direito-no-ceara\/","title":{"rendered":"Professor paraibano assume coordena\u00e7\u00e3o de curso de Direito no Cear\u00e1"},"content":{"rendered":"\n<p>O professor Otto Rodrigo Melo Cruz foi anunciado, nesta quinta-feira (24), como novo coordenador do curso de Direito da Unile\u00e3o (Centro Universit\u00e1rio Le\u00e3o Sampaio), de Juazeiro do Norte, no Cear\u00e1.<\/p>\n\n\n\n<p>Otto, que durante 15 anos atuou como professor e gestor no Centro Universit\u00e1rio da Para\u00edba (Unip\u00ea), assume com a proposta de trazer os alunos do curso de Direito para perto da Coordena\u00e7\u00e3o.<\/p>\n\n\n\n<p>Al\u00e9m da experi\u00eancia docente e de gest\u00e3o, o agora coordenador da gradua\u00e7\u00e3o jur\u00eddica do Centro Universit\u00e1rio Doutor Le\u00e3o Sampaio \u00e9 membro da Comiss\u00e3o Nacional de Educa\u00e7\u00e3o Jur\u00eddica, tendo presidido a CNEJ no estado da Para\u00edba, onde tamb\u00e9m \u00e9 diretor geral da Escola Superior da Advocacia (ESA-PB).<\/p>\n\n\n\n<p>\u201cA minha experi\u00eancia no curso de Direito, na Comiss\u00e3o Nacional de Educa\u00e7\u00e3o Jur\u00eddica e \u00e0 frente da Escola Superior de Advocacia me disse que era hora de ter novos desafios, e a Unile\u00e3o surgiu nesse momento, onde queria alcan\u00e7ar outros resultados na carreira acad\u00eamica e jur\u00eddica\u201d, disse.<\/p>\n\n\n\n<p>Otto Cruz elogiou a condi\u00e7\u00e3o em que encontrou o curso e afirmou que a estrutura somada aos indicadores positivos da gradua\u00e7\u00e3o foram fatores decisivos para aceitar o convite da Unile\u00e3o.<\/p>\n\n\n\n<p>\u201cO professor Jaime me fez o convite, vim conhecer o centro universit\u00e1rio e me chamou muito a aten\u00e7\u00e3o toda a parte estrutural e os indicadores do curso de Direito, que \u00e9 um curso de excel\u00eancia\u201d, comentou.<\/p>\n\n\n\n<p>TA NA \u00c1REA<\/p>\n","protected":false},"excerpt":{"rendered":"<p>O professor Otto Rodrigo Melo Cruz foi anunciado, nesta quinta-feira (24), como novo coordenador do curso de Direito da Unile\u00e3o (Centro Universit\u00e1rio Le\u00e3o Sampaio), de&hellip; <\/p>\n","protected":false},"author":1,"featured_media":82129,"comment_status":"closed","ping_status":"closed","sticky":false,"template":"","format":"standard","meta":{"sfsi_plus_gutenberg_text_before_share":"","sfsi_plus_gutenberg_show_text_before_share":"","sfsi_plus_gutenberg_icon_type":"","sfsi_plus_gutenberg_icon_alignemt":"","sfsi_plus_gutenburg_max_per_row":"","footnotes":""},"categories":[2],"tags":[],"class_list":["post-82128","post","type-post","status-publish","format-standard","has-post-thumbnail","hentry","category-geral"],"_links":{"self":[{"href":"https:\/\/www.caririemacao.com\/1\/wp-json\/wp\/v2\/posts\/82128","targetHints":{"allow":["GET"]}}],"collection":[{"href":"https:\/\/www.caririemacao.com\/1\/wp-json\/wp\/v2\/posts"}],"about":[{"href":"https:\/\/www.caririemacao.com\/1\/wp-json\/wp\/v2\/types\/post"}],"author":[{"embeddable":true,"href":"https:\/\/www.caririemacao.com\/1\/wp-json\/wp\/v2\/users\/1"}],"replies":[{"embeddable":true,"href":"https:\/\/www.caririemacao.com\/1\/wp-json\/wp\/v2\/comments?post=82128"}],"version-history":[{"count":1,"href":"https:\/\/www.caririemacao.com\/1\/wp-json\/wp\/v2\/posts\/82128\/revisions"}],"predecessor-version":[{"id":82130,"href":"https:\/\/www.caririemacao.com\/1\/wp-json\/wp\/v2\/posts\/82128\/revisions\/82130"}],"wp:featuredmedia":[{"embeddable":true,"href":"https:\/\/www.caririemacao.com\/1\/wp-json\/wp\/v2\/media\/82129"}],"wp:attachment":[{"href":"https:\/\/www.caririemacao.com\/1\/wp-json\/wp\/v2\/media?parent=82128"}],"wp:term":[{"taxonomy":"category","embeddable":true,"href":"https:\/\/www.caririemacao.com\/1\/wp-json\/wp\/v2\/categories?post=82128"},{"taxonomy":"post_tag","embeddable":true,"href":"https:\/\/www.caririemacao.com\/1\/wp-json\/wp\/v2\/tags?post=82128"}],"curies":[{"name":"wp","href":"https:\/\/api.w.org\/{rel}","templated":true}]}}