{"id":82134,"date":"2019-01-25T05:32:27","date_gmt":"2019-01-25T08:32:27","guid":{"rendered":"http:\/\/www.caririemacao.com\/1\/?p=82134"},"modified":"2019-01-25T05:32:30","modified_gmt":"2019-01-25T08:32:30","slug":"michelle-bolsonaro-sera-investigada-pela-receita-por-cheque-de-r-24-mil","status":"publish","type":"post","link":"https:\/\/www.caririemacao.com\/1\/2019\/01\/25\/michelle-bolsonaro-sera-investigada-pela-receita-por-cheque-de-r-24-mil\/","title":{"rendered":"Michelle Bolsonaro ser\u00e1 investigada pela Receita por cheque de R$ 24 mil"},"content":{"rendered":"\n<p>&nbsp;A primeira-dama, Michele Bolsonaro, passar\u00e1 a ser investigada pela Receita Federal. \u00c9 o que aponta um&nbsp;procedimento aberto pelo \u00f3rg\u00e3o nesta quarta-feira 23, segundo reportagem do&nbsp;<a href=\"https:\/\/josiasdesouza.blogosfera.uol.com.br\/uol_amp\/2019\/01\/24\/caso-coaf-tornara-primeira-dama-alvo-do-fisco\/\" target=\"_blank\" rel=\"noreferrer noopener\">jornalista Josias de Souza, do UOL<\/a>. Motivo: ela est\u00e1 no rol de favorecidos da renda movimentada pelo ex-assessor Fabr\u00edcio Queiroz, amigo pessoal de Jair Bolsonaro e funcion\u00e1rio do gabinete do filho Fl\u00e1vio Bolsonaro.<\/p>\n\n\n\n<p>O \u00f3rg\u00e3o de controle aponta \u201ca ex-secret\u00e1ria parlamentar e atual esposa de pessoa com foro por prerrogativa de fun\u00e7\u00e3o: Michelle de Paula Firmo Reinaldo Bolsonaro\u201d como uma das benefici\u00e1rias dos R$ 7 milh\u00f5es movimentados por Queiroz em tr\u00eas anos em sua conta banc\u00e1ria. Ela recebeu do amigo da fam\u00edlia um cheque de R$ 24 mil.<\/p>\n\n\n\n<p>\u201cUm auditor familiarizado com o procedimento de averigua\u00e7\u00e3o fiscal explicou ao blog que, embora n\u00e3o seja o \u2018alvo prim\u00e1rio\u2019 da apura\u00e7\u00e3o, Michelle Bolsonaro \u2018ser\u00e1 alcan\u00e7ada como consequ\u00eancia natural da averigua\u00e7\u00e3o a ser realizada na conta de Fabr\u00edcio Queiroz&#8217;\u201d, informa Josias.<\/p>\n\n\n\n<p><em>Brasil 247<\/em><\/p>\n","protected":false},"excerpt":{"rendered":"<p>&nbsp;A primeira-dama, Michele Bolsonaro, passar\u00e1 a ser investigada pela Receita Federal. \u00c9 o que aponta um&nbsp;procedimento aberto pelo \u00f3rg\u00e3o nesta quarta-feira 23, segundo reportagem do&nbsp;jornalista&hellip; <\/p>\n","protected":false},"author":1,"featured_media":82135,"comment_status":"closed","ping_status":"closed","sticky":false,"template":"","format":"standard","meta":{"sfsi_plus_gutenberg_text_before_share":"","sfsi_plus_gutenberg_show_text_before_share":"","sfsi_plus_gutenberg_icon_type":"","sfsi_plus_gutenberg_icon_alignemt":"","sfsi_plus_gutenburg_max_per_row":"","footnotes":""},"categories":[11],"tags":[],"class_list":["post-82134","post","type-post","status-publish","format-standard","has-post-thumbnail","hentry","category-politica"],"_links":{"self":[{"href":"https:\/\/www.caririemacao.com\/1\/wp-json\/wp\/v2\/posts\/82134","targetHints":{"allow":["GET"]}}],"collection":[{"href":"https:\/\/www.caririemacao.com\/1\/wp-json\/wp\/v2\/posts"}],"about":[{"href":"https:\/\/www.caririemacao.com\/1\/wp-json\/wp\/v2\/types\/post"}],"author":[{"embeddable":true,"href":"https:\/\/www.caririemacao.com\/1\/wp-json\/wp\/v2\/users\/1"}],"replies":[{"embeddable":true,"href":"https:\/\/www.caririemacao.com\/1\/wp-json\/wp\/v2\/comments?post=82134"}],"version-history":[{"count":1,"href":"https:\/\/www.caririemacao.com\/1\/wp-json\/wp\/v2\/posts\/82134\/revisions"}],"predecessor-version":[{"id":82136,"href":"https:\/\/www.caririemacao.com\/1\/wp-json\/wp\/v2\/posts\/82134\/revisions\/82136"}],"wp:featuredmedia":[{"embeddable":true,"href":"https:\/\/www.caririemacao.com\/1\/wp-json\/wp\/v2\/media\/82135"}],"wp:attachment":[{"href":"https:\/\/www.caririemacao.com\/1\/wp-json\/wp\/v2\/media?parent=82134"}],"wp:term":[{"taxonomy":"category","embeddable":true,"href":"https:\/\/www.caririemacao.com\/1\/wp-json\/wp\/v2\/categories?post=82134"},{"taxonomy":"post_tag","embeddable":true,"href":"https:\/\/www.caririemacao.com\/1\/wp-json\/wp\/v2\/tags?post=82134"}],"curies":[{"name":"wp","href":"https:\/\/api.w.org\/{rel}","templated":true}]}}