{"id":82138,"date":"2019-01-25T13:16:28","date_gmt":"2019-01-25T16:16:28","guid":{"rendered":"http:\/\/www.caririemacao.com\/1\/?p=82138"},"modified":"2019-01-25T13:16:32","modified_gmt":"2019-01-25T16:16:32","slug":"ex-governador-e-preso-de-novo-em-desdobramento-da-lava-jato","status":"publish","type":"post","link":"https:\/\/www.caririemacao.com\/1\/2019\/01\/25\/ex-governador-e-preso-de-novo-em-desdobramento-da-lava-jato\/","title":{"rendered":"Ex-governador \u00e9 preso de novo em desdobramento da Lava Jato"},"content":{"rendered":"\n<p>O ex-governador do Paran\u00e1 Beto Richa (PSDB) foi preso em casa, em Curitiba, por volta das 7h desta sexta-feira (25), de acordo com a Justi\u00e7a Federal. A investiga\u00e7\u00e3o que originou o mandado de pris\u00e3o apura supostos crimes na concess\u00e3o de rodovias do estado. Esta \u00e9 a segunda vez que Beto Richa foi preso.<\/p>\n\n\n\n<p>A pris\u00e3o \u00e9 preventiva, ou seja, por tempo indeterminado. Dirceu Pupo Ferreira, contador da ex-primeira dama Fernanda Richa, \u00e9 outro alvo de pris\u00e3o preventiva. De acordo com fontes do&nbsp;<strong>G1 Paran\u00e1<\/strong>, ele tamb\u00e9m foi preso.<\/p>\n\n\n\n<p>\u201cCarlos Alberto Richa [Beto Richa] e Dirceu Pupo Ferreira atuaram de forma deliberada no sentido de influenciar o conte\u00fado dos depoimentos de testemunhas no contexto de complexa investiga\u00e7\u00e3o envolvendo esquema de corrup\u00e7\u00e3o sist\u00eamica e lavagem de dinheiro\u201d, diz um trecho da decis\u00e3o judical que autorizou as pris\u00f5es.<\/p>\n\n\n\n<p>As pris\u00f5es foram decretadas pelo juiz Paulo S\u00e9rgio Ribeiro, da 23\u00aa Vara Federal de Curitiba. O pedido foi feito pelo Minist\u00e9rio P\u00fablico Federal (MPF) em um desdobramento da Opera\u00e7\u00e3o Integra\u00e7\u00e3o \u2013 que foi uma fase da Lava Jato, que&nbsp;investigou a concess\u00e3o de rodovias no Paran\u00e1.<\/p>\n\n\n\n<p>Beto Richa e Dirceu Pupo Ferreira foram presos por policiais federais. Os dois foram levados para a Superintend\u00eancia da Pol\u00edcia Federal (PF), em na capital paranaense.<\/p>\n\n\n\n<p>O ex-governador \u00e9 investigado pelos crimes de corrup\u00e7\u00e3o, lavagem de dinheiro e associa\u00e7\u00e3o criminosa.<\/p>\n\n\n\n<p>A defesa de Beto Richa disse que ainda n\u00e3o teve acesso ao processo e, por isso, n\u00e3o vai se manifestar. O<strong>&nbsp;G1&nbsp;<\/strong>tenta localizar o advogado de Dirceu Pupo Ferreira.<\/p>\n\n\n\n<p><strong>Preso no ano passado<\/strong><\/p>\n\n\n\n<p>No ano passado,&nbsp;Beto Richa foi preso&nbsp;pelo Grupo de Atua\u00e7\u00e3o Especial de Combate ao Crime Organizado (Gaeco), em Curitiba<\/p>\n\n\n\n<p>No dia 11 de setembro, ele foi alvo de duas opera\u00e7\u00f5es: uma realizada pelo Minist\u00e9rio P\u00fablico do Paran\u00e1 (MP-PR), pela qual foi preso, e outra da Pol\u00edcia Federal (PF), em uma etapa da Lava Jato, em que foi alvo de busca e apreens\u00e3o.<\/p>\n\n\n\n<p>Fernanda Richa e Deonilson Roldo, que \u00e9 ex-chefe de gabinete do ex-governador, e mais 12 investigados foram detidos suspeitos de envolvimento em um esquema de superfaturamento de contratos para manuten\u00e7\u00e3o de estradas rurais para o pagamento de propina para agentes p\u00fablicos.<\/p>\n\n\n\n<p>A investiga\u00e7\u00e3o do Gaeco era sobre o programa do governo estadual Patrulha do Campo, que faz a manuten\u00e7\u00e3o das estradas rurais. A opera\u00e7\u00e3o foi batizada de \u201cR\u00e1dio Patrulha\u201d.<\/p>\n\n\n\n<p>De acordo com o MP-PR, apurava-se o pagamento de propina a agentes p\u00fablicos, direcionamento de licita\u00e7\u00f5es de empresas, lavagem de dinheiro e obstru\u00e7\u00e3o da Justi\u00e7a.<\/p>\n\n\n\n<p>Quatro dias depois,&nbsp;Beto Richa foi solto ap\u00f3s decis\u00e3o do ministro do Supremo Tribunal Federal (STF) Gilmar Mendes.<\/p>\n\n\n\n<p>Conforme a decis\u00e3o que decretou novamente a pris\u00e3o de Beto Richa, o salvo conduto concedido pelo ministro do STF \u201cn\u00e3o tem o alcance de impedir a an\u00e1lise do pedido de pris\u00e3o preventiva com base na hip\u00f3tese legal da conveni\u00eancia da instru\u00e7\u00e3o ciminal\u201d.<\/p>\n\n\n\n<p>VITRINE DO CARIRI<\/p>\n","protected":false},"excerpt":{"rendered":"<p>O ex-governador do Paran\u00e1 Beto Richa (PSDB) foi preso em casa, em Curitiba, por volta das 7h desta sexta-feira (25), de acordo com a Justi\u00e7a&hellip; <\/p>\n","protected":false},"author":1,"featured_media":82139,"comment_status":"closed","ping_status":"closed","sticky":false,"template":"","format":"standard","meta":{"sfsi_plus_gutenberg_text_before_share":"","sfsi_plus_gutenberg_show_text_before_share":"","sfsi_plus_gutenberg_icon_type":"","sfsi_plus_gutenberg_icon_alignemt":"","sfsi_plus_gutenburg_max_per_row":"","footnotes":""},"categories":[11],"tags":[],"class_list":["post-82138","post","type-post","status-publish","format-standard","has-post-thumbnail","hentry","category-politica"],"_links":{"self":[{"href":"https:\/\/www.caririemacao.com\/1\/wp-json\/wp\/v2\/posts\/82138","targetHints":{"allow":["GET"]}}],"collection":[{"href":"https:\/\/www.caririemacao.com\/1\/wp-json\/wp\/v2\/posts"}],"about":[{"href":"https:\/\/www.caririemacao.com\/1\/wp-json\/wp\/v2\/types\/post"}],"author":[{"embeddable":true,"href":"https:\/\/www.caririemacao.com\/1\/wp-json\/wp\/v2\/users\/1"}],"replies":[{"embeddable":true,"href":"https:\/\/www.caririemacao.com\/1\/wp-json\/wp\/v2\/comments?post=82138"}],"version-history":[{"count":1,"href":"https:\/\/www.caririemacao.com\/1\/wp-json\/wp\/v2\/posts\/82138\/revisions"}],"predecessor-version":[{"id":82140,"href":"https:\/\/www.caririemacao.com\/1\/wp-json\/wp\/v2\/posts\/82138\/revisions\/82140"}],"wp:featuredmedia":[{"embeddable":true,"href":"https:\/\/www.caririemacao.com\/1\/wp-json\/wp\/v2\/media\/82139"}],"wp:attachment":[{"href":"https:\/\/www.caririemacao.com\/1\/wp-json\/wp\/v2\/media?parent=82138"}],"wp:term":[{"taxonomy":"category","embeddable":true,"href":"https:\/\/www.caririemacao.com\/1\/wp-json\/wp\/v2\/categories?post=82138"},{"taxonomy":"post_tag","embeddable":true,"href":"https:\/\/www.caririemacao.com\/1\/wp-json\/wp\/v2\/tags?post=82138"}],"curies":[{"name":"wp","href":"https:\/\/api.w.org\/{rel}","templated":true}]}}