{"id":82144,"date":"2019-01-25T13:30:12","date_gmt":"2019-01-25T16:30:12","guid":{"rendered":"http:\/\/www.caririemacao.com\/1\/?p=82144"},"modified":"2019-01-25T13:30:19","modified_gmt":"2019-01-25T16:30:19","slug":"gurjao-prefeitura-envia-projetos-que-disponibilizara-aumento-ao-magisterio-e-reajuste-do-salario-minimo-e-camara-aprova-em-sessao-extraordinaria","status":"publish","type":"post","link":"https:\/\/www.caririemacao.com\/1\/2019\/01\/25\/gurjao-prefeitura-envia-projetos-que-disponibilizara-aumento-ao-magisterio-e-reajuste-do-salario-minimo-e-camara-aprova-em-sessao-extraordinaria\/","title":{"rendered":"Gurj\u00e3o: Prefeitura envia projetos que disponibilizar\u00e1 aumento ao magist\u00e9rio e reajuste do salario m\u00ednimo e C\u00e2mara aprova em sess\u00e3o extraordin\u00e1ria."},"content":{"rendered":"\n<p>A Prefeitura de Gurj\u00e3o enviou para a C\u00e2mara Municipal dois &nbsp;projeto de lei, na integra o projeto traz na sua reda\u00e7\u00e3o onde &nbsp;concede reajuste de vencimentos aos servidores ocupantes de cargos de professor , para fim especifico de adequa\u00e7\u00e3o ao piso salarial profissional nacional dos profissionais do magist\u00e9rio publico de educa\u00e7\u00e3o b\u00e1sica , nos termos em que preceitua a lei federal N\u00b0 11.378\/2008 um aumento de 4.17 % e d\u00e1 outra providencias e outro &nbsp;projeto foi oque reajusta os sal\u00e1rios m\u00ednimos para o piso nacional.<\/p>\n\n\n\n<p>A lei foi aprovada por unanimidade e j\u00e1 come\u00e7a a valer a partir de janeiro deste ano. Agora com o novo reajuste, os servidores passar\u00e3o a receber R$ 1.000,00 (UM MIL REAIS), de acordo com as suas atribui\u00e7\u00f5es.&nbsp;&nbsp;<\/p>\n\n\n\n<p><br>Cabe agora os \u00f3rg\u00e3os ligados a administra\u00e7\u00e3o e planejamento, proceder com a atualiza\u00e7\u00e3o do valor no registro dos servidores. Para custear as despesas decorrentes com o cumprimento do Projeto de Lei, ser\u00e3o utilizados os recursos or\u00e7ament\u00e1rios do munic\u00edpio, de acordo com a Lei Or\u00e7ament\u00e1ria Anual relativa ao ano de 2019.<\/p>\n\n\n\n<p>\u00a0O Prefeito Ronaldo Queiroz \u00a0agradeceu ao empenho dos vereadores que mesmo em recesso abriram m\u00e3o e estiveram na C\u00e2mara aqueles que realmente tem comprometimento com o povo de Gurj\u00e3o , a Presidente da casa Elizete falou que os poderes andar\u00e3o paralelo na sua gest\u00e3o um sempre ajudando o outro e sempre pensando em Gurj\u00e3o.<\/p>\n\n\n\n<p>ASSCOM<\/p>\n","protected":false},"excerpt":{"rendered":"<p>A Prefeitura de Gurj\u00e3o enviou para a C\u00e2mara Municipal dois &nbsp;projeto de lei, na integra o projeto traz na sua reda\u00e7\u00e3o onde &nbsp;concede reajuste de&hellip; <\/p>\n","protected":false},"author":1,"featured_media":48095,"comment_status":"closed","ping_status":"closed","sticky":false,"template":"","format":"standard","meta":{"sfsi_plus_gutenberg_text_before_share":"","sfsi_plus_gutenberg_show_text_before_share":"","sfsi_plus_gutenberg_icon_type":"","sfsi_plus_gutenberg_icon_alignemt":"","sfsi_plus_gutenburg_max_per_row":"","footnotes":""},"categories":[6],"tags":[],"class_list":["post-82144","post","type-post","status-publish","format-standard","has-post-thumbnail","hentry","category-cidades"],"_links":{"self":[{"href":"https:\/\/www.caririemacao.com\/1\/wp-json\/wp\/v2\/posts\/82144","targetHints":{"allow":["GET"]}}],"collection":[{"href":"https:\/\/www.caririemacao.com\/1\/wp-json\/wp\/v2\/posts"}],"about":[{"href":"https:\/\/www.caririemacao.com\/1\/wp-json\/wp\/v2\/types\/post"}],"author":[{"embeddable":true,"href":"https:\/\/www.caririemacao.com\/1\/wp-json\/wp\/v2\/users\/1"}],"replies":[{"embeddable":true,"href":"https:\/\/www.caririemacao.com\/1\/wp-json\/wp\/v2\/comments?post=82144"}],"version-history":[{"count":2,"href":"https:\/\/www.caririemacao.com\/1\/wp-json\/wp\/v2\/posts\/82144\/revisions"}],"predecessor-version":[{"id":82149,"href":"https:\/\/www.caririemacao.com\/1\/wp-json\/wp\/v2\/posts\/82144\/revisions\/82149"}],"wp:featuredmedia":[{"embeddable":true,"href":"https:\/\/www.caririemacao.com\/1\/wp-json\/wp\/v2\/media\/48095"}],"wp:attachment":[{"href":"https:\/\/www.caririemacao.com\/1\/wp-json\/wp\/v2\/media?parent=82144"}],"wp:term":[{"taxonomy":"category","embeddable":true,"href":"https:\/\/www.caririemacao.com\/1\/wp-json\/wp\/v2\/categories?post=82144"},{"taxonomy":"post_tag","embeddable":true,"href":"https:\/\/www.caririemacao.com\/1\/wp-json\/wp\/v2\/tags?post=82144"}],"curies":[{"name":"wp","href":"https:\/\/api.w.org\/{rel}","templated":true}]}}