{"id":82146,"date":"2019-01-25T13:37:39","date_gmt":"2019-01-25T16:37:39","guid":{"rendered":"http:\/\/www.caririemacao.com\/1\/?p=82146"},"modified":"2019-01-25T13:37:47","modified_gmt":"2019-01-25T16:37:47","slug":"jornada-pedagogica-de-sume-tera-presenca-do-palestrante-e-escritor-celso-antunes","status":"publish","type":"post","link":"https:\/\/www.caririemacao.com\/1\/2019\/01\/25\/jornada-pedagogica-de-sume-tera-presenca-do-palestrante-e-escritor-celso-antunes\/","title":{"rendered":"Jornada Pedag\u00f3gica de Sum\u00e9 ter\u00e1 presen\u00e7a do palestrante e escritor Celso Antunes"},"content":{"rendered":"\n<p>A Secretaria de Educa\u00e7\u00e3o de Sum\u00e9 promove de 30 de janeiro a 06 de fevereiro a Jornada Pedag\u00f3gica 2019. A Jornada \u00e9 um momento de acolhida, aprendizado e motiva\u00e7\u00e3o, dirigido aos profissionais do quadro educacional do munic\u00edpio, culminando com a prepara\u00e7\u00e3o que antecede o ano letivo.<\/p>\n\n\n\n<p>Mais uma vez, a Secretaria de Educa\u00e7\u00e3o traz para o evento um renomado palestrante. Este ano est\u00e1 confirmada a presen\u00e7a do educador Celso Antunes, palestrante e escritor, tem mais de 180 livros sobre educa\u00e7\u00e3o e cerca de 60 livros did\u00e1ticos publicados. Celso Antunes \u00e9 formado em Geografia pela Universidade de S\u00e3o Paulo (USP), mestre em Ci\u00eancias Humanas e Especialista em Intelig\u00eancia e Cogni\u00e7\u00e3o, tamb\u00e9m \u00e9 consultor educacional do Canal Futura.<\/p>\n\n\n\n<p>A coordenadora pedag\u00f3gica de Sum\u00e9, Aparecida Gomes, disse que j\u00e1 est\u00e1 tudo pronto para o evento acontecer. Ela espera contar com a participa\u00e7\u00e3o maci\u00e7a de professores, educadores, t\u00e9cnicos, cuidadores e gestores escolares. \u201cH\u00e1 dias a gente vem trabalhando essa tem\u00e1tica para que seja tamb\u00e9m um momento de prazer e congratula\u00e7\u00f5es pelo ano de 2018 assim como a responsabilidade de come\u00e7ar o ano com um g\u00e1s a mais e a certeza de melhores resultados\u201d, declarou.<\/p>\n\n\n\n<p>\u201cApesar dos obst\u00e1culos enfrentados, a educa\u00e7\u00e3o municipal conseguiu lograr \u00eaxito em alguns projetos. Um exemplo \u00e9 o \u201cAlfaletra\u201d que trabalha mais de perto alunos com dificuldades tanto na leitura quanto na escrita; um programa bem sucedido implantado em nossa educa\u00e7\u00e3o\u201d, afirmou Aparecida.<\/p>\n\n\n\n<p>Durante a Semana da Jornada, outros palestrantes estar\u00e3o falando n\u00e3o s\u00f3 de educa\u00e7\u00e3o, mas tamb\u00e9m sobre comportamento humano.<\/p>\n\n\n\n<p>Confira a programa\u00e7\u00e3o que acontece no Gin\u00e1sio Municipal:<\/p>\n\n\n\n<p><strong>30\/01\/2019 (quarta-feira)<\/strong><\/p>\n\n\n\n<p>\u2013 18:30h \u2013 Credenciamento;<\/p>\n\n\n\n<p>\u2013 19h \u2013 Abertura oficial da semana pedag\u00f3gica.<\/p>\n\n\n\n<p><strong>31\/01\/2019 (quinta-feira)<\/strong><\/p>\n\n\n\n<p>\u2013 08h \u2013 Palestra com a psic\u00f3loga Jocilda de Azevedo Rodrigues Ramos: Janeiro Branco \u2013 Sa\u00fade Mental;<\/p>\n\n\n\n<p>\u2013 09:30h \u2013 Palestra com a Dr\u00aa Denise Xavier Torres: \u201cPlanejamento e Instrumento de Avalia\u00e7\u00e3o como apoio ao ensino e \u00e0 aprendizagem\u201d.<\/p>\n\n\n\n<p><strong>01\/02\/2019 (sexta-feira)<\/strong><\/p>\n\n\n\n<p>\u2013 08:30h \u2013 Palestra com C\u00e1ssio Felipe \u2013 PDCA (PLAN DO CHECK ACT), planejar, executar, avaliar e ajustar (Ciclo de Melhoramento Cont\u00ednuo);<\/p>\n\n\n\n<p>\u2013 09:30h \u2013 Palestra com o engenheiro de software Igor Dlemder Jorges de Souza \u2013 Sistema EDUNIX.<\/p>\n\n\n\n<p><strong>04, 05 e 06\/02\/2019 (segunda, ter\u00e7a e quarta-feira)<\/strong><\/p>\n\n\n\n<p>\u2013 08h \u2013 Planejamento nas escolas municipais com equipes de professores;<\/p>\n\n\n\n<p><strong>07\/02\/2019 (quinta-feira)<\/strong><\/p>\n\n\n\n<p>\u2013 08h \u2013 Palestra com o escritor e mestre em Educa\u00e7\u00e3o, Celso Antunes:&nbsp;<strong>\u201cComo desenvolver em uma escola p\u00fablica um ensino de qualidade.\u201d<\/strong><\/p>\n\n\n\n<p>Ascom PMS<\/p>\n","protected":false},"excerpt":{"rendered":"<p>A Secretaria de Educa\u00e7\u00e3o de Sum\u00e9 promove de 30 de janeiro a 06 de fevereiro a Jornada Pedag\u00f3gica 2019. A Jornada \u00e9 um momento de&hellip; <\/p>\n","protected":false},"author":1,"featured_media":82147,"comment_status":"closed","ping_status":"closed","sticky":false,"template":"","format":"standard","meta":{"sfsi_plus_gutenberg_text_before_share":"","sfsi_plus_gutenberg_show_text_before_share":"","sfsi_plus_gutenberg_icon_type":"","sfsi_plus_gutenberg_icon_alignemt":"","sfsi_plus_gutenburg_max_per_row":"","footnotes":""},"categories":[14],"tags":[],"class_list":["post-82146","post","type-post","status-publish","format-standard","has-post-thumbnail","hentry","category-educacao"],"_links":{"self":[{"href":"https:\/\/www.caririemacao.com\/1\/wp-json\/wp\/v2\/posts\/82146","targetHints":{"allow":["GET"]}}],"collection":[{"href":"https:\/\/www.caririemacao.com\/1\/wp-json\/wp\/v2\/posts"}],"about":[{"href":"https:\/\/www.caririemacao.com\/1\/wp-json\/wp\/v2\/types\/post"}],"author":[{"embeddable":true,"href":"https:\/\/www.caririemacao.com\/1\/wp-json\/wp\/v2\/users\/1"}],"replies":[{"embeddable":true,"href":"https:\/\/www.caririemacao.com\/1\/wp-json\/wp\/v2\/comments?post=82146"}],"version-history":[{"count":1,"href":"https:\/\/www.caririemacao.com\/1\/wp-json\/wp\/v2\/posts\/82146\/revisions"}],"predecessor-version":[{"id":82148,"href":"https:\/\/www.caririemacao.com\/1\/wp-json\/wp\/v2\/posts\/82146\/revisions\/82148"}],"wp:featuredmedia":[{"embeddable":true,"href":"https:\/\/www.caririemacao.com\/1\/wp-json\/wp\/v2\/media\/82147"}],"wp:attachment":[{"href":"https:\/\/www.caririemacao.com\/1\/wp-json\/wp\/v2\/media?parent=82146"}],"wp:term":[{"taxonomy":"category","embeddable":true,"href":"https:\/\/www.caririemacao.com\/1\/wp-json\/wp\/v2\/categories?post=82146"},{"taxonomy":"post_tag","embeddable":true,"href":"https:\/\/www.caririemacao.com\/1\/wp-json\/wp\/v2\/tags?post=82146"}],"curies":[{"name":"wp","href":"https:\/\/api.w.org\/{rel}","templated":true}]}}