{"id":82156,"date":"2019-01-25T14:18:47","date_gmt":"2019-01-25T17:18:47","guid":{"rendered":"http:\/\/www.caririemacao.com\/1\/?p=82156"},"modified":"2019-01-25T14:18:50","modified_gmt":"2019-01-25T17:18:50","slug":"mais-de-40-casos-de-trabalho-escravo-sao-investigados-na-pb-rede-de-trafico-de-jovens-para-a-europa-e-alvo","status":"publish","type":"post","link":"https:\/\/www.caririemacao.com\/1\/2019\/01\/25\/mais-de-40-casos-de-trabalho-escravo-sao-investigados-na-pb-rede-de-trafico-de-jovens-para-a-europa-e-alvo\/","title":{"rendered":"Mais de 40 casos de trabalho escravo s\u00e3o investigados na PB; rede de tr\u00e1fico de jovens para a Europa \u00e9 alvo"},"content":{"rendered":"\n<p>O Minist\u00e9rio P\u00fablico do Trabalho tem atualmente 1,7 mil procedimentos em investiga\u00e7\u00e3o e acompanhamento em suas 24 Procuradorias Regionais espalhadas pelo Pa\u00eds, envolvendo trabalho an\u00e1logo ao de escravo, aliciamento e tr\u00e1fico de trabalhadores para a escravid\u00e3o. Os dados (filtrados em 22 de janeiro de 2019) s\u00e3o do sistema informatizado do MPT (MPT Digital\/Gaia). Desse total, 41 casos s\u00e3o acompanhados pelo MPT na Para\u00edba.<\/p>\n\n\n\n<p>Os \u201cgatos\u201d, como s\u00e3o conhecidos os aliciadores, s\u00e3o os empreiteiros que percorrem os estados \u00e0 procura de trabalhadores com pouca renda e que sonham em mudar de vida. Eles se aproveitam da vulnerabilidade dessas pessoas para convenc\u00ea-las a aceitarem suas falsas promissoras propostas de empregos. O triste cen\u00e1rio encontrado por esses trabalhadores depois \u00e9 de explora\u00e7\u00e3o, mis\u00e9ria, abuso e viol\u00eancia.<\/p>\n\n\n\n<p><strong>Rede internacional<\/strong><\/p>\n\n\n\n<p>Entre os casos investigados e acompanhados pelo MPT na Para\u00edba est\u00e1 o de uma Rede Internacional de aliciamento e tr\u00e1fico de jovens para a Europa, para trabalho degradante e an\u00e1logo \u00e0 escravid\u00e3o, que inclu\u00eda explora\u00e7\u00e3o sexual de adolescentes (uma das piores formas de trabalho infanto-juvenil, segundo a Conven\u00e7\u00e3o n.182 da OIT).<\/p>\n\n\n\n<p>\u201cApesar do cen\u00e1rio atual desfavor\u00e1vel, o MPT, quanto ao combate a este flagelo, contar\u00e1 com a PRF, PF e a Procuradoria Regional dos Direitos do Cidad\u00e3o, parceiros hist\u00f3ricos nessa luta\u201d, concluiu Eduardo Varandas, que foi um dos respons\u00e1veis pela cria\u00e7\u00e3o da Coordenadoria Nacional contra o Trabalho Escravo no MPT.<\/p>\n\n\n\n<p><strong>N\u00fameros<\/strong><\/p>\n\n\n\n<p>Entre 2003 e 2018 (at\u00e9 julho\/2018), 44,2 mil trabalhadores foram resgatados e libertados do trabalho escravo no Brasil ou de atividades an\u00e1logas \u00e0 escravid\u00e3o. Segundo dados do Observat\u00f3rio Digital do Trabalho Escravo, isso significa uma m\u00e9dia de pelo menos oito trabalhadores resgatados a cada dia.<\/p>\n\n\n\n<p>Os munic\u00edpios paraibanos de onde mais saem trabalhadores que s\u00e3o explorados como m\u00e3o de obra escrava em outros Estados s\u00e3o Patos, Pombal, Araruna, Picu\u00ed, Mana\u00edra, Boa Vista, Serra Branca, Juripiranga e Cuit\u00e9.<\/p>\n\n\n\n<p><strong>Campanha<\/strong><\/p>\n\n\n\n<p>Para marcar o Dia Nacional de Combate ao Trabalho Escravo \u2013 28 de janeiro (pr\u00f3xima segunda-feira), o Minist\u00e9rio P\u00fablico do Trabalho lan\u00e7a uma campanha nacional nas suas redes sociais, para alertar a popula\u00e7\u00e3o sobre a escravid\u00e3o contempor\u00e2nea e estimular a sociedade a denunciar.<\/p>\n\n\n\n<p>O procurador do Trabalho Eduardo Varandas ressaltou a import\u00e2ncia de campanhas permanentes de conscientiza\u00e7\u00e3o e alertou sobre a redu\u00e7\u00e3o das opera\u00e7\u00f5es de fiscaliza\u00e7\u00e3o e resgate de trabalhadores.<\/p>\n\n\n\n<p>\u201cCom a extin\u00e7\u00e3o do Minist\u00e9rio do Trabalho e n\u00e3o realiza\u00e7\u00e3o de concurso para auditor fiscal do trabalho, o sistema de repress\u00e3o ao trabalho escravo est\u00e1 vulner\u00e1vel e enfraquecido. Temo que a tend\u00eancia futura seja o aumento desumano da explora\u00e7\u00e3o do trabalhador\u201d, destacou Varandas, coordenador regional na Para\u00edba da Coordenadoria Nacional de Erradica\u00e7\u00e3o do Trabalho Escravo (Conaete\/MPT).<\/p>\n\n\n\n<p><strong>Observat\u00f3rio<\/strong><\/p>\n\n\n\n<p><strong>Trabalho Escravo- PB<\/strong><\/p>\n\n\n\n<p><strong>3<\/strong>&nbsp;Opera\u00e7\u00f5es.<\/p>\n\n\n\n<p>52&nbsp;Resgates.<\/p>\n\n\n\n<p><strong>843<\/strong>&nbsp;trabalhadores<\/p>\n\n\n\n<p>resgatados no total entre 2003 e<\/p>\n\n\n\n<p>2018, dos quais:<\/p>\n\n\n\n<p><strong>15<\/strong>adolescentes menores de 18 anos.<\/p>\n\n\n\n<p><strong>480<\/strong>&nbsp;trabalhadores egressos<\/p>\n\n\n\n<p>nascidos na Para\u00edba.<\/p>\n\n\n\n<p><strong>363<\/strong>trabalhadores egressos<\/p>\n\n\n\n<p>que declararam residir,<\/p>\n\n\n\n<p>WSCOM<\/p>\n","protected":false},"excerpt":{"rendered":"<p>O Minist\u00e9rio P\u00fablico do Trabalho tem atualmente 1,7 mil procedimentos em investiga\u00e7\u00e3o e acompanhamento em suas 24 Procuradorias Regionais espalhadas pelo Pa\u00eds, envolvendo trabalho an\u00e1logo&hellip; <\/p>\n","protected":false},"author":1,"featured_media":82157,"comment_status":"closed","ping_status":"closed","sticky":false,"template":"","format":"standard","meta":{"sfsi_plus_gutenberg_text_before_share":"","sfsi_plus_gutenberg_show_text_before_share":"","sfsi_plus_gutenberg_icon_type":"","sfsi_plus_gutenberg_icon_alignemt":"","sfsi_plus_gutenburg_max_per_row":"","footnotes":""},"categories":[2],"tags":[],"class_list":["post-82156","post","type-post","status-publish","format-standard","has-post-thumbnail","hentry","category-geral"],"_links":{"self":[{"href":"https:\/\/www.caririemacao.com\/1\/wp-json\/wp\/v2\/posts\/82156","targetHints":{"allow":["GET"]}}],"collection":[{"href":"https:\/\/www.caririemacao.com\/1\/wp-json\/wp\/v2\/posts"}],"about":[{"href":"https:\/\/www.caririemacao.com\/1\/wp-json\/wp\/v2\/types\/post"}],"author":[{"embeddable":true,"href":"https:\/\/www.caririemacao.com\/1\/wp-json\/wp\/v2\/users\/1"}],"replies":[{"embeddable":true,"href":"https:\/\/www.caririemacao.com\/1\/wp-json\/wp\/v2\/comments?post=82156"}],"version-history":[{"count":1,"href":"https:\/\/www.caririemacao.com\/1\/wp-json\/wp\/v2\/posts\/82156\/revisions"}],"predecessor-version":[{"id":82158,"href":"https:\/\/www.caririemacao.com\/1\/wp-json\/wp\/v2\/posts\/82156\/revisions\/82158"}],"wp:featuredmedia":[{"embeddable":true,"href":"https:\/\/www.caririemacao.com\/1\/wp-json\/wp\/v2\/media\/82157"}],"wp:attachment":[{"href":"https:\/\/www.caririemacao.com\/1\/wp-json\/wp\/v2\/media?parent=82156"}],"wp:term":[{"taxonomy":"category","embeddable":true,"href":"https:\/\/www.caririemacao.com\/1\/wp-json\/wp\/v2\/categories?post=82156"},{"taxonomy":"post_tag","embeddable":true,"href":"https:\/\/www.caririemacao.com\/1\/wp-json\/wp\/v2\/tags?post=82156"}],"curies":[{"name":"wp","href":"https:\/\/api.w.org\/{rel}","templated":true}]}}