{"id":82161,"date":"2019-01-25T14:29:47","date_gmt":"2019-01-25T17:29:47","guid":{"rendered":"http:\/\/www.caririemacao.com\/1\/?p=82161"},"modified":"2019-01-25T14:29:50","modified_gmt":"2019-01-25T17:29:50","slug":"em-nova-entrevista-flavio-bolsonaro-descarta-se-afastar-do-mandato-de-senador","status":"publish","type":"post","link":"https:\/\/www.caririemacao.com\/1\/2019\/01\/25\/em-nova-entrevista-flavio-bolsonaro-descarta-se-afastar-do-mandato-de-senador\/","title":{"rendered":"Em nova entrevista, Fl\u00e1vio Bolsonaro descarta se afastar do mandato de senador"},"content":{"rendered":"\n<p>O&nbsp;senador eleito Fl\u00e1vio Bolsonaro (PSL-RJ) descartou a possibilidade de se afastar do mandato que come\u00e7ar\u00e1 na pr\u00f3xima semana.&nbsp;<\/p>\n\n\n\n<p>\u201c\u00c9 mentira. N\u00e3o sei nem de onde surgiu essa hist\u00f3ria. Eu nem tomei posse ainda. Vou tomar posse e vou trabalhar muito\u201d, disse.<\/p>\n\n\n\n<p>Na \u00faltima quinta-feira (25), a reportagem da Folha de S.Paulo revelou que o presidente Jair Bolsonaro j\u00e1 sofre press\u00e3o de militares do governo para isolar o filho mais velho como forma de amenizar a repercuss\u00e3o das investiga\u00e7\u00f5es que miram as movimenta\u00e7\u00f5es financeiras do senador eleito e do ex-assessor Fabr\u00edcio Queiroz.<\/p>\n\n\n\n<p>Em entrevista para o SBT, Fl\u00e1vio voltou a acusar o Minist\u00e9rio P\u00fablico do estado de vazar dados sigilosos e tamb\u00e9m falou sobre declara\u00e7\u00f5es que deu como deputado estadual no Rio defendendo a atua\u00e7\u00e3o de mil\u00edcias. Em 2007, por exemplo, ele discursou na&nbsp;Assembleia&nbsp;falando que elas n\u00e3o deveriam ser estigmatizadas.<\/p>\n\n\n\n<p>Agora, o senador eleito diz que naquela&nbsp;\u00e9poca&nbsp;ainda estava se discutindo o que era uma mil\u00edcia e que \u00e9 contra qualquer tentativa de se implantar \u201cum estado paralelo\u201d.<\/p>\n\n\n\n<p>\u201cEstava se generalizando de uma forma muito preocupante. Eu sempre fiz a defesa do servidor da seguran\u00e7a p\u00fablica. Qualquer local onde moravam dois ou tr\u00eas policiais militares j\u00e1 estava sendo considerado mil\u00edcia\u201d, disse Fl\u00e1vio Bolsonaro.<\/p>\n\n\n\n<p>Opera\u00e7\u00e3o deflagrada no Rio na ter\u00e7a-feira (22) tinha como um dos alvos de mandado de pris\u00e3o o ex-capit\u00e3o da PM Adriano N\u00f3brega, suspeito de chefiar mil\u00edcias na cidade. A m\u00e3e e a mulher dele foram comissionadas no gabinete de Fl\u00e1vio at\u00e9 o ano passado.<\/p>\n\n\n\n<p>N\u00f3brega j\u00e1 havia sido homenageado por Fl\u00e1vio na&nbsp;Assembleia, incluindo indica\u00e7\u00e3o para a mais alta honraria da Casa, a Medalha Tiradentes.&nbsp;Sobre essa quest\u00e3o, o filho de&nbsp;Bolsonaro&nbsp;disse que j\u00e1 \u201cofereceu centenas de homenagens a policiais do estado\u201d e que n\u00e3o pode responder por atos praticados por outras pessoas.<\/p>\n\n\n\n<p><em> informa\u00e7\u00f5es da Folhapress<\/em><\/p>\n","protected":false},"excerpt":{"rendered":"<p>O&nbsp;senador eleito Fl\u00e1vio Bolsonaro (PSL-RJ) descartou a possibilidade de se afastar do mandato que come\u00e7ar\u00e1 na pr\u00f3xima semana.&nbsp; \u201c\u00c9 mentira. N\u00e3o sei nem de onde&hellip; <\/p>\n","protected":false},"author":1,"featured_media":82162,"comment_status":"closed","ping_status":"closed","sticky":false,"template":"","format":"standard","meta":{"sfsi_plus_gutenberg_text_before_share":"","sfsi_plus_gutenberg_show_text_before_share":"","sfsi_plus_gutenberg_icon_type":"","sfsi_plus_gutenberg_icon_alignemt":"","sfsi_plus_gutenburg_max_per_row":"","footnotes":""},"categories":[11],"tags":[],"class_list":["post-82161","post","type-post","status-publish","format-standard","has-post-thumbnail","hentry","category-politica"],"_links":{"self":[{"href":"https:\/\/www.caririemacao.com\/1\/wp-json\/wp\/v2\/posts\/82161","targetHints":{"allow":["GET"]}}],"collection":[{"href":"https:\/\/www.caririemacao.com\/1\/wp-json\/wp\/v2\/posts"}],"about":[{"href":"https:\/\/www.caririemacao.com\/1\/wp-json\/wp\/v2\/types\/post"}],"author":[{"embeddable":true,"href":"https:\/\/www.caririemacao.com\/1\/wp-json\/wp\/v2\/users\/1"}],"replies":[{"embeddable":true,"href":"https:\/\/www.caririemacao.com\/1\/wp-json\/wp\/v2\/comments?post=82161"}],"version-history":[{"count":1,"href":"https:\/\/www.caririemacao.com\/1\/wp-json\/wp\/v2\/posts\/82161\/revisions"}],"predecessor-version":[{"id":82163,"href":"https:\/\/www.caririemacao.com\/1\/wp-json\/wp\/v2\/posts\/82161\/revisions\/82163"}],"wp:featuredmedia":[{"embeddable":true,"href":"https:\/\/www.caririemacao.com\/1\/wp-json\/wp\/v2\/media\/82162"}],"wp:attachment":[{"href":"https:\/\/www.caririemacao.com\/1\/wp-json\/wp\/v2\/media?parent=82161"}],"wp:term":[{"taxonomy":"category","embeddable":true,"href":"https:\/\/www.caririemacao.com\/1\/wp-json\/wp\/v2\/categories?post=82161"},{"taxonomy":"post_tag","embeddable":true,"href":"https:\/\/www.caririemacao.com\/1\/wp-json\/wp\/v2\/tags?post=82161"}],"curies":[{"name":"wp","href":"https:\/\/api.w.org\/{rel}","templated":true}]}}