{"id":82164,"date":"2019-01-25T14:36:06","date_gmt":"2019-01-25T17:36:06","guid":{"rendered":"http:\/\/www.caririemacao.com\/1\/?p=82164"},"modified":"2019-01-25T14:36:09","modified_gmt":"2019-01-25T17:36:09","slug":"rio-apresenta-candidatura-para-sediar-final-da-libertadores-de-2020","status":"publish","type":"post","link":"https:\/\/www.caririemacao.com\/1\/2019\/01\/25\/rio-apresenta-candidatura-para-sediar-final-da-libertadores-de-2020\/","title":{"rendered":"Rio apresenta candidatura para sediar final da Libertadores de 2020"},"content":{"rendered":"\n<p>A&nbsp;cidade do Rio de Janeiro apresentou oficialmente na noite de quinta-feira a sua candidatura para sediar a final da Copa Libertadores de 2020. A ideia \u00e9 que o palco da decis\u00e3o seja no Maracan\u00e3, est\u00e1dio que j\u00e1 sediou as finais do torneio continental em 1981 (Flamengo x Cobreloa-CHI) e 2008 (Fluminense x LDU-EQU). Em 1998, o Vasco recebeu o Barcelona, de Guayaquil (Equador), no est\u00e1dio de S\u00e3o Janu\u00e1rio.<\/p>\n\n\n\n<p>O pedido foi entregue pelo governador do Estado, Wilson Witzel (PSC), e pelo secret\u00e1rio estadual de Turismo, Otavio Leite (PSDB), ao presidente da Conmebol, o paraguaio Alejandro Dom\u00ednguez, durante a cerim\u00f4nia de sorteio da fase de grupos da Copa Am\u00e9rica, realizada na Cidade das Artes.<\/p>\n\n\n\n<p>\u201cTrouxe o requerimento, junto com o nosso secret\u00e1rio de Turismo, para sediar a final da Libertadores em 2020, quando o Maracan\u00e3 vai comemorar 70 anos. O Rio de Janeiro precisa desses eventos porque \u00e9 o que traz o turismo, riqueza, emprego, oportunidade e, por isso, estou muito feliz de estar participando desse sorteio\u201d, declarou Witzel.<\/p>\n\n\n\n<p>A partir deste ano, a final da Libertadores passar\u00e1 a ser em jogo \u00fanico. O campe\u00e3o de 2019 ser\u00e1 conhecido em partida que ser\u00e1 disputada no final de novembro no est\u00e1dio Nacional, em Santiago, no Chile.<\/p>\n\n\n\n<p>WSCOM<\/p>\n","protected":false},"excerpt":{"rendered":"<p>A&nbsp;cidade do Rio de Janeiro apresentou oficialmente na noite de quinta-feira a sua candidatura para sediar a final da Copa Libertadores de 2020. A ideia&hellip; <\/p>\n","protected":false},"author":1,"featured_media":6799,"comment_status":"closed","ping_status":"closed","sticky":false,"template":"","format":"standard","meta":{"sfsi_plus_gutenberg_text_before_share":"","sfsi_plus_gutenberg_show_text_before_share":"","sfsi_plus_gutenberg_icon_type":"","sfsi_plus_gutenberg_icon_alignemt":"","sfsi_plus_gutenburg_max_per_row":"","footnotes":""},"categories":[13],"tags":[],"class_list":["post-82164","post","type-post","status-publish","format-standard","has-post-thumbnail","hentry","category-esportes"],"_links":{"self":[{"href":"https:\/\/www.caririemacao.com\/1\/wp-json\/wp\/v2\/posts\/82164","targetHints":{"allow":["GET"]}}],"collection":[{"href":"https:\/\/www.caririemacao.com\/1\/wp-json\/wp\/v2\/posts"}],"about":[{"href":"https:\/\/www.caririemacao.com\/1\/wp-json\/wp\/v2\/types\/post"}],"author":[{"embeddable":true,"href":"https:\/\/www.caririemacao.com\/1\/wp-json\/wp\/v2\/users\/1"}],"replies":[{"embeddable":true,"href":"https:\/\/www.caririemacao.com\/1\/wp-json\/wp\/v2\/comments?post=82164"}],"version-history":[{"count":1,"href":"https:\/\/www.caririemacao.com\/1\/wp-json\/wp\/v2\/posts\/82164\/revisions"}],"predecessor-version":[{"id":82165,"href":"https:\/\/www.caririemacao.com\/1\/wp-json\/wp\/v2\/posts\/82164\/revisions\/82165"}],"wp:featuredmedia":[{"embeddable":true,"href":"https:\/\/www.caririemacao.com\/1\/wp-json\/wp\/v2\/media\/6799"}],"wp:attachment":[{"href":"https:\/\/www.caririemacao.com\/1\/wp-json\/wp\/v2\/media?parent=82164"}],"wp:term":[{"taxonomy":"category","embeddable":true,"href":"https:\/\/www.caririemacao.com\/1\/wp-json\/wp\/v2\/categories?post=82164"},{"taxonomy":"post_tag","embeddable":true,"href":"https:\/\/www.caririemacao.com\/1\/wp-json\/wp\/v2\/tags?post=82164"}],"curies":[{"name":"wp","href":"https:\/\/api.w.org\/{rel}","templated":true}]}}