{"id":82170,"date":"2019-01-25T20:25:49","date_gmt":"2019-01-25T23:25:49","guid":{"rendered":"http:\/\/www.caririemacao.com\/1\/?p=82170"},"modified":"2019-01-25T20:25:54","modified_gmt":"2019-01-25T23:25:54","slug":"centro-de-atencao-psicossocial-de-sume-promove-atividades-da-campanha-janeiro-branco","status":"publish","type":"post","link":"https:\/\/www.caririemacao.com\/1\/2019\/01\/25\/centro-de-atencao-psicossocial-de-sume-promove-atividades-da-campanha-janeiro-branco\/","title":{"rendered":"Centro de Aten\u00e7\u00e3o Psicossocial de Sum\u00e9 promove atividades da Campanha Janeiro Branco"},"content":{"rendered":"\n<p>O Centro de Aten\u00e7\u00e3o Psicossocial (CAPS) de Sum\u00e9 realizou na quinta-feira (24), atividades para celebrar a Campanha Janeiro Branco. Gerido pela Secretaria de Sa\u00fade de Sum\u00e9, a unidade tem a miss\u00e3o de oferecer assist\u00eancia \u00e0s pessoas que apresentam transtornos mentais no \u00e2mbito do Sistema \u00danico de Sa\u00fade (SUS).<\/p>\n\n\n\n<p>Dentro da programa\u00e7\u00e3o foi realizada uma palestra com a psic\u00f3loga do N\u00facleo de Apoio \u00e0 Sa\u00fade da Fam\u00edlia (Nasf), Jocilda Azevedo, com o tema:&nbsp;<strong><em>Quem Cuida da Mente Cuida da Vida<\/em><\/strong>&nbsp;e ainda foram feitas atividades com a educadora f\u00edsica Milena Lino.<\/p>\n\n\n\n<div class=\"wp-block-image\"><figure class=\"alignleft is-resized\"><img fetchpriority=\"high\" decoding=\"async\" src=\"http:\/\/www.vitrinedocariri.com.br\/wp-content\/uploads\/2019\/01\/56b29d69-d9de-4d9e-9256-915e37e6c57f-300x225.jpg\" alt=\"\" class=\"wp-image-33658\" width=\"489\" height=\"368\"\/><\/figure><\/div>\n\n\n\n<p>O Janeiro Branco \u00e9 uma campanha que tem como objetivo mobilizar a popula\u00e7\u00e3o em favor da sa\u00fade mental, mudando a compreens\u00e3o cercada de tabus e promover mais possibilidade a todos os indiv\u00edduos e a sociedade como um todo.<\/p>\n\n\n\n<p>De acordo com a coordenadora do CAPS, Lorena Marques, durante o m\u00eas foram realizadas diversas oficinas para os usu\u00e1rios objetivando despertar a import\u00e2ncia do\u00a0<\/p>\n\n\n\n<p>VITRINE DO CARIRI<\/p>\n","protected":false},"excerpt":{"rendered":"<p>O Centro de Aten\u00e7\u00e3o Psicossocial (CAPS) de Sum\u00e9 realizou na quinta-feira (24), atividades para celebrar a Campanha Janeiro Branco. Gerido pela Secretaria de Sa\u00fade de&hellip; <\/p>\n","protected":false},"author":1,"featured_media":82171,"comment_status":"closed","ping_status":"closed","sticky":false,"template":"","format":"standard","meta":{"sfsi_plus_gutenberg_text_before_share":"","sfsi_plus_gutenberg_show_text_before_share":"","sfsi_plus_gutenberg_icon_type":"","sfsi_plus_gutenberg_icon_alignemt":"","sfsi_plus_gutenburg_max_per_row":"","footnotes":""},"categories":[6],"tags":[],"class_list":["post-82170","post","type-post","status-publish","format-standard","has-post-thumbnail","hentry","category-cidades"],"_links":{"self":[{"href":"https:\/\/www.caririemacao.com\/1\/wp-json\/wp\/v2\/posts\/82170","targetHints":{"allow":["GET"]}}],"collection":[{"href":"https:\/\/www.caririemacao.com\/1\/wp-json\/wp\/v2\/posts"}],"about":[{"href":"https:\/\/www.caririemacao.com\/1\/wp-json\/wp\/v2\/types\/post"}],"author":[{"embeddable":true,"href":"https:\/\/www.caririemacao.com\/1\/wp-json\/wp\/v2\/users\/1"}],"replies":[{"embeddable":true,"href":"https:\/\/www.caririemacao.com\/1\/wp-json\/wp\/v2\/comments?post=82170"}],"version-history":[{"count":1,"href":"https:\/\/www.caririemacao.com\/1\/wp-json\/wp\/v2\/posts\/82170\/revisions"}],"predecessor-version":[{"id":82172,"href":"https:\/\/www.caririemacao.com\/1\/wp-json\/wp\/v2\/posts\/82170\/revisions\/82172"}],"wp:featuredmedia":[{"embeddable":true,"href":"https:\/\/www.caririemacao.com\/1\/wp-json\/wp\/v2\/media\/82171"}],"wp:attachment":[{"href":"https:\/\/www.caririemacao.com\/1\/wp-json\/wp\/v2\/media?parent=82170"}],"wp:term":[{"taxonomy":"category","embeddable":true,"href":"https:\/\/www.caririemacao.com\/1\/wp-json\/wp\/v2\/categories?post=82170"},{"taxonomy":"post_tag","embeddable":true,"href":"https:\/\/www.caririemacao.com\/1\/wp-json\/wp\/v2\/tags?post=82170"}],"curies":[{"name":"wp","href":"https:\/\/api.w.org\/{rel}","templated":true}]}}