{"id":82173,"date":"2019-01-25T20:31:57","date_gmt":"2019-01-25T23:31:57","guid":{"rendered":"http:\/\/www.caririemacao.com\/1\/?p=82173"},"modified":"2019-01-25T20:32:04","modified_gmt":"2019-01-25T23:32:04","slug":"aesa-preve-retorno-das-aguas-da-transposicao-a-partir-de-monteiro-no-dia-10-de-fevereiro","status":"publish","type":"post","link":"https:\/\/www.caririemacao.com\/1\/2019\/01\/25\/aesa-preve-retorno-das-aguas-da-transposicao-a-partir-de-monteiro-no-dia-10-de-fevereiro\/","title":{"rendered":"AESA prev\u00ea retorno das \u00e1guas da transposi\u00e7\u00e3o, a partir de Monteiro, no dia 10 de fevereiro"},"content":{"rendered":"\n<p>\n\nAESA prev\u00ea retorno das \u00e1guas da transposi\u00e7\u00e3o na Para\u00edba, a partir de Monteiro, no dia 10 de fevereiro<br>Respons\u00e1vel pelo abastecmento de Campina Grande e mais 18 munic\u00edpios do Compartimento da Borborema, o a\u00e7ude Epit\u00e1cio Pessoa, dever\u00e1 receber novamente \u00e1guas do Rio S\u00e3o Francisco. O meteorologista Alexandre Magno da Ag\u00eancia Executiva de Gest\u00e3o das \u00c1guas da Para\u00edba (AESA), afirmou que as \u00e1guas da transposi\u00e7\u00e3o dever\u00e3o retornar \u00e0 Para\u00edba a partir do dia 10 de fevereiro. Alexandre falou, inclusive, que esta data poder\u00e1 ser antecipada, a depender das chuvas que venham a cair na regi\u00e3o.<\/p>\n\n\n\n<p>O A\u00e7ude Epit\u00e1cio Pessoa (Boqueir\u00e3o) est\u00e1 sem receber \u00e1gua da transposi\u00e7\u00e3o desde o dia 4 de abril do ano passado, quando o bombeamento foi suspenso em virtude de obras necess\u00e1rias nas barragens de Monteiro e Camala\u00fa, no cariri paraibano. A previs\u00e3o de retomada do bombeamento era para o final do ano passado, mas at\u00e9 agora n\u00e3o ocorreu.<\/p>\n\n\n\n<p>No a\u00e7ude de Po\u00e7\u00f5es, em Monteiro, a obra \u00e9 de constru\u00e7\u00e3o de tubula\u00e7\u00e3o e v\u00e1lvulas de controle. No a\u00e7ude de Camala\u00fa, a obra \u00e9 de constru\u00e7\u00e3o de uma galeria de concreto e instala\u00e7\u00e3o de v\u00e1lvulas de controle. A suspens\u00e3o do bombeamento se deu em virtude da necessidade de baixa no n\u00edvel da \u00e1gua.<\/p>\n\n\n\n<p>A informa\u00e7\u00e3o tamb\u00e9m foi confirmada pelo novo presidente da Ag\u00eancia Executiva de Gest\u00e3o das \u00c1guas no estado da Para\u00edba , Porf\u00edrio Loureiro. O reservat\u00f3rio segue perdendo volume e depois de chegar a 35% ap\u00f3s a transposi\u00e7\u00e3o, teve a quantidade reduzida para quase 20% entre 2018 e 2019.<\/p>\n\n\n\n<p>Em outubro de 2018, a Aesa havia informado que iria fazer uma fiscaliza\u00e7\u00e3o para saber o motivo da \u00e1gua do S\u00e3o Francisco n\u00e3o estar chegando at\u00e9 o a\u00e7ude de Boqueir\u00e3o, ou se havia algum outro problema para o a\u00e7ude estar com o volume reduzido, uma vez que h\u00e1 um impasse sobre o assunto com Minist\u00e9rio da Integra\u00e7\u00e3o.<\/p>\n\n\n\n<p>Os \u00f3rg\u00e3os n\u00e3o se entendem sobre as justificativas que expliquem os problemas com o volume do a\u00e7ude de Boqueir\u00e3o. De um lado, a Aesa fala que a quantidade de \u00e1gua liberada da transposi\u00e7\u00e3o \u00e9 baixa, do outro, o Minist\u00e9rio da Integra\u00e7\u00e3o afirma que est\u00e1 tudo normal. No fim, cerca de 1 milh\u00e3o de pessoas continuam sem respostas para a duvidosa situa\u00e7\u00e3o h\u00eddrica na regi\u00e3o de Campina Grande.<\/p>\n\n\n\n<p>As \u00e1guas da transposi\u00e7\u00e3o do rio S\u00e3o Francisco come\u00e7aram a chegar \u00e0 bacia hidr\u00e1ulica do a\u00e7ude Epit\u00e1cio Pessoa, conhecido como Boqueir\u00e3o, em abril de 2017.<\/p>\n\n\n\n<p>O a\u00e7ude, constru\u00eddo pelo Departamento Nacional de Obras Contra a Seca (DNOCS) estava com apenas 3% da capacidade total e os \u00f3rg\u00e3os p\u00fablicos j\u00e1 temiam um colapso no abastecimento, caso o manancial continuasse sem receber recargas.<\/p>\n\n\n\n<p>VITRINE DO CARIRI<\/p>\n\n\n\n<p><\/p>\n","protected":false},"excerpt":{"rendered":"<p>AESA prev\u00ea retorno das \u00e1guas da transposi\u00e7\u00e3o na Para\u00edba, a partir de Monteiro, no dia 10 de fevereiroRespons\u00e1vel pelo abastecmento de Campina Grande e mais&hellip; <\/p>\n","protected":false},"author":1,"featured_media":50497,"comment_status":"closed","ping_status":"closed","sticky":false,"template":"","format":"standard","meta":{"sfsi_plus_gutenberg_text_before_share":"","sfsi_plus_gutenberg_show_text_before_share":"","sfsi_plus_gutenberg_icon_type":"","sfsi_plus_gutenberg_icon_alignemt":"","sfsi_plus_gutenburg_max_per_row":"","footnotes":""},"categories":[50],"tags":[],"class_list":["post-82173","post","type-post","status-publish","format-standard","has-post-thumbnail","hentry","category-destaque"],"_links":{"self":[{"href":"https:\/\/www.caririemacao.com\/1\/wp-json\/wp\/v2\/posts\/82173","targetHints":{"allow":["GET"]}}],"collection":[{"href":"https:\/\/www.caririemacao.com\/1\/wp-json\/wp\/v2\/posts"}],"about":[{"href":"https:\/\/www.caririemacao.com\/1\/wp-json\/wp\/v2\/types\/post"}],"author":[{"embeddable":true,"href":"https:\/\/www.caririemacao.com\/1\/wp-json\/wp\/v2\/users\/1"}],"replies":[{"embeddable":true,"href":"https:\/\/www.caririemacao.com\/1\/wp-json\/wp\/v2\/comments?post=82173"}],"version-history":[{"count":1,"href":"https:\/\/www.caririemacao.com\/1\/wp-json\/wp\/v2\/posts\/82173\/revisions"}],"predecessor-version":[{"id":82174,"href":"https:\/\/www.caririemacao.com\/1\/wp-json\/wp\/v2\/posts\/82173\/revisions\/82174"}],"wp:featuredmedia":[{"embeddable":true,"href":"https:\/\/www.caririemacao.com\/1\/wp-json\/wp\/v2\/media\/50497"}],"wp:attachment":[{"href":"https:\/\/www.caririemacao.com\/1\/wp-json\/wp\/v2\/media?parent=82173"}],"wp:term":[{"taxonomy":"category","embeddable":true,"href":"https:\/\/www.caririemacao.com\/1\/wp-json\/wp\/v2\/categories?post=82173"},{"taxonomy":"post_tag","embeddable":true,"href":"https:\/\/www.caririemacao.com\/1\/wp-json\/wp\/v2\/tags?post=82173"}],"curies":[{"name":"wp","href":"https:\/\/api.w.org\/{rel}","templated":true}]}}