{"id":82175,"date":"2019-01-25T20:40:50","date_gmt":"2019-01-25T23:40:50","guid":{"rendered":"http:\/\/www.caririemacao.com\/1\/?p=82175"},"modified":"2019-01-25T20:40:53","modified_gmt":"2019-01-25T23:40:53","slug":"prefeita-de-monteiro-equipe-de-governo-e-vereadores-participam-de-reuniao-na-zona-rural","status":"publish","type":"post","link":"https:\/\/www.caririemacao.com\/1\/2019\/01\/25\/prefeita-de-monteiro-equipe-de-governo-e-vereadores-participam-de-reuniao-na-zona-rural\/","title":{"rendered":"Prefeita de Monteiro, equipe de governo e vereadores participam de reuni\u00e3o na zona rural"},"content":{"rendered":"\n<p>A prefeita do munic\u00edpio de Monteiro, Anna Lorena, juntamente com a equipe de secret\u00e1rios e vereadores, participou na noite da \u00faltima quarta-feira, 23, da continua\u00e7\u00e3o da rodada de reuni\u00f5es na zona rural.<\/p>\n\n\n\n<p>A associa\u00e7\u00e3o da comunidade escolhida para a a\u00e7\u00e3o foi o S\u00edtio Alagoa Grande. Na reuni\u00e3o, com massiva participa\u00e7\u00e3o da popula\u00e7\u00e3o do local e de comunidades adjacentes, os mun\u00edcipes puderam fazer suas solicita\u00e7\u00f5es e obter informa\u00e7\u00f5es a cerca dos servi\u00e7os da prestados pela Prefeitura.<\/p>\n\n\n\n<p>Cada secret\u00e1rio e vereador pode explanar sobre as solicita\u00e7\u00f5es onde a prefeita Anna Lorena de pronto fez quest\u00e3o de ouvir e falar sobre prazos e possibilidades de implanta\u00e7\u00e3o de alguns benef\u00edcios solicitados.<\/p>\n\n\n\n<p>Uma das solicita\u00e7\u00f5es mais enf\u00e1ticas foi sobre a constru\u00e7\u00e3o de barragens subterr\u00e2neas. Anna Lorena frisou que j\u00e1 est\u00e1 em seus planos o pedido junto ao Governo do Estado e ainda sobre o abastecimento, um dos projetos j\u00e1 est\u00e1 em fase de avalia\u00e7\u00e3o de viabilidade t\u00e9cnica. Ainda houve a informa\u00e7\u00e3o por parte da representante do PROCASE, que o munic\u00edpio havia sido beneficiado com 20 barragens subterr\u00e2neas, por\u00e9m, a execu\u00e7\u00e3o do servi\u00e7o n\u00e3o se deu devido a contrapartida municipal inexistente em gest\u00f5es passadas.<\/p>\n\n\n\n<div class=\"wp-block-image\"><figure class=\"alignleft is-resized\"><img fetchpriority=\"high\" decoding=\"async\" src=\"http:\/\/www.vitrinedocariri.com.br\/wp-content\/uploads\/2019\/01\/Reuni%C3%A3o-zona-rural-1-300x199.jpeg\" alt=\"\" class=\"wp-image-33636\" width=\"406\" height=\"269\"\/><\/figure><\/div>\n\n\n\n<p>Ainda na oportunidade houve solicita\u00e7\u00f5es com rela\u00e7\u00e3o a servi\u00e7os de sa\u00fade como mamografias, educa\u00e7\u00e3o, demandas de l\u00e2mpadas, passagens molhadas e estradas, tendo a gestora afirmado o seguinte: \u201c\u00c9 de muita import\u00e2ncia a participa\u00e7\u00e3o de todos,&nbsp; estamos aqui e fazemos quest\u00e3o de ouvir cada um e j\u00e1 agradecemos \u00e0 presen\u00e7a de Josiane que est\u00e1 representando o Governo do Estado, e vamos junto com a Secretaria de Planejamento fazer o poss\u00edvel&nbsp; para solucionar o m\u00e1ximo do que voc\u00eas nos pedem\u201d.<\/p>\n\n\n\n<p>As reuni\u00f5es com a presen\u00e7a da prefeita, equipe de governo e vereadores acontecem a cada 15 dias e a previs\u00e3o \u00e9 que at\u00e9 o final do ano todas as comunidades sejam visitadas e escutadas. \u201cEstamos fazendo uma esp\u00e9cie de Or\u00e7amento Democr\u00e1tico, onde o pleito da sociedade \u00e9 o mais importante, pois, a comunidade \u00e9 o real conhecedor da realidade do local\u201d, coloca Lorena.<\/p>\n\n\n\n<p>A prefeita finalizou dizendo \u201cO nosso empenho, ser\u00e1 pela manh\u00e3, tarde e noite para que os pleitos cheguem at\u00e9 voc\u00eas. N\u00e3o e f\u00e1cil, mas temos o intu\u00eddo de fazer sempre o melhor para cada cidad\u00e3o monteirense. Nosso lema \u00e9 um di\u00e1logo pr\u00f3ximo ao povo para a constru\u00e7\u00e3o de uma cidade cada vez melhor\u201d.<\/p>\n\n\n\n<p>VITRINE DO CARIRI<\/p>\n","protected":false},"excerpt":{"rendered":"<p>A prefeita do munic\u00edpio de Monteiro, Anna Lorena, juntamente com a equipe de secret\u00e1rios e vereadores, participou na noite da \u00faltima quarta-feira, 23, da continua\u00e7\u00e3o&hellip; <\/p>\n","protected":false},"author":1,"featured_media":82176,"comment_status":"closed","ping_status":"closed","sticky":false,"template":"","format":"standard","meta":{"sfsi_plus_gutenberg_text_before_share":"","sfsi_plus_gutenberg_show_text_before_share":"","sfsi_plus_gutenberg_icon_type":"","sfsi_plus_gutenberg_icon_alignemt":"","sfsi_plus_gutenburg_max_per_row":"","footnotes":""},"categories":[6],"tags":[],"class_list":["post-82175","post","type-post","status-publish","format-standard","has-post-thumbnail","hentry","category-cidades"],"_links":{"self":[{"href":"https:\/\/www.caririemacao.com\/1\/wp-json\/wp\/v2\/posts\/82175","targetHints":{"allow":["GET"]}}],"collection":[{"href":"https:\/\/www.caririemacao.com\/1\/wp-json\/wp\/v2\/posts"}],"about":[{"href":"https:\/\/www.caririemacao.com\/1\/wp-json\/wp\/v2\/types\/post"}],"author":[{"embeddable":true,"href":"https:\/\/www.caririemacao.com\/1\/wp-json\/wp\/v2\/users\/1"}],"replies":[{"embeddable":true,"href":"https:\/\/www.caririemacao.com\/1\/wp-json\/wp\/v2\/comments?post=82175"}],"version-history":[{"count":1,"href":"https:\/\/www.caririemacao.com\/1\/wp-json\/wp\/v2\/posts\/82175\/revisions"}],"predecessor-version":[{"id":82177,"href":"https:\/\/www.caririemacao.com\/1\/wp-json\/wp\/v2\/posts\/82175\/revisions\/82177"}],"wp:featuredmedia":[{"embeddable":true,"href":"https:\/\/www.caririemacao.com\/1\/wp-json\/wp\/v2\/media\/82176"}],"wp:attachment":[{"href":"https:\/\/www.caririemacao.com\/1\/wp-json\/wp\/v2\/media?parent=82175"}],"wp:term":[{"taxonomy":"category","embeddable":true,"href":"https:\/\/www.caririemacao.com\/1\/wp-json\/wp\/v2\/categories?post=82175"},{"taxonomy":"post_tag","embeddable":true,"href":"https:\/\/www.caririemacao.com\/1\/wp-json\/wp\/v2\/tags?post=82175"}],"curies":[{"name":"wp","href":"https:\/\/api.w.org\/{rel}","templated":true}]}}