{"id":82178,"date":"2019-01-25T20:47:58","date_gmt":"2019-01-25T23:47:58","guid":{"rendered":"http:\/\/www.caririemacao.com\/1\/?p=82178"},"modified":"2019-01-25T20:48:02","modified_gmt":"2019-01-25T23:48:02","slug":"200-pessoas-estao-desaparecidas-apos-rompimento-de-barragem-em-minas-gerais","status":"publish","type":"post","link":"https:\/\/www.caririemacao.com\/1\/2019\/01\/25\/200-pessoas-estao-desaparecidas-apos-rompimento-de-barragem-em-minas-gerais\/","title":{"rendered":"200 pessoas est\u00e3o desaparecidas ap\u00f3s rompimento de barragem em Minas Gerais"},"content":{"rendered":"\n<p>Ap\u00f3s o rompimento de uma barragem da mineradora Vale na Mina Feij\u00e3o, em Brumadinho, regi\u00e3o metropolitana de Belo Horizonte, o Corpo de Bombeiros confirmou que h\u00e1 quatro feridos e 200 desaparecidos, indicando que a trag\u00e9dia ser\u00e1 ainda pior do que Mariana, em 2015.<\/p>\n\n\n\n<p>Imagens a\u00e9reas j\u00e1 mostram que h\u00e1 um mar de lama tomando o local, atingindo pessoas, casas e ve\u00edculos, como numa repeti\u00e7\u00e3o do que houve h\u00e1 pouco mais de tr\u00eas anos. A lama da barragem pode atingir at\u00e9 19 munic\u00edpios.&nbsp;A Vale confirmou que havia funcion\u00e1rios seus na \u00e1rea atingida e que pode haver v\u00edtimas.<\/p>\n\n\n\n<p>Leia mais na reportagem da Ag\u00eancia Brasil:<\/p>\n\n\n\n<p><strong>Bombeiros estimam cerca de 200 desaparecidos ap\u00f3s barragem se romper<\/strong><\/p>\n\n\n\n<p>Por L\u00e9o Rodrigues \u2013 O Corpo de Bombeiros informou nesta tarde (25) que aproximadamente 200 pessoas est\u00e3o desaparecidas ap\u00f3s o rompimento da Barragem da Mina Feij\u00e3o, em Brumadinho (MG). A estrutura, que pertence \u00e0 Vale, liberou no meio ambiente um volume ainda desconhecido de rejeitos de minera\u00e7\u00e3o.<\/p>\n\n\n\n<p>O Hospital Jo\u00e3o XXIII, institui\u00e7\u00e3o p\u00fablica vinculada ao estado de Minas Gerais e sediada em Belo Horizonte, acionou um plano de atendimento para m\u00faltiplas v\u00edtimas de cat\u00e1strofes. At\u00e9 o momento, a institui\u00e7\u00e3o confirmou a chegada de duas pacientes, de helic\u00f3ptero.<\/p>\n\n\n\n<p>Em nota, o Corpo de Bombeiros informou que o Sistema de Comando de Opera\u00e7\u00f5es (SCO) est\u00e1 estruturado no Centro Social do C\u00f3rrego do Feij\u00e3o, em Brumadinho. \u201cV\u00e1rios \u00f3rg\u00e3os, principalmente de seguran\u00e7a p\u00fablica, est\u00e3o no local e em reuni\u00e3o neste momento definindo as estrat\u00e9gias de atendimento\u201d, diz a nota.<\/p>\n\n\n\n<p>Ao lado do Centro Social do C\u00f3rrego do Feij\u00e3o, h\u00e1 um campo de futebol que est\u00e1 sendo usado como \u00e1rea de avalia\u00e7\u00e3o e triagem das v\u00edtimas para atendimento m\u00e9dico, al\u00e9m de estacionamento de viaturas. Tamb\u00e9m foi estruturado um posto para arrecada\u00e7\u00e3o de alimento na Faculdade Asa de Brumadinho.<\/p>\n\n\n\n<p>O Corpo de Bombeiros informou que est\u00e1 atuando com 51 militares, e que contam ainda com seis aeronaves.<\/p>\n\n\n\n<p>O Corpo de Bombeiro alerta os \u00f3rg\u00e3os de imprensa, que est\u00e3o utilizando drones, pois estariam atrapalhando o sobrevoo das aeronaves da corpora\u00e7\u00e3o. \u201cAs aeronaves est\u00e3o resgatando in\u00fameras pessoas ilhadas em diversos pontos a todo momento\u201d.<\/p>\n\n\n\n<p><em>Brasil 247<\/em><\/p>\n","protected":false},"excerpt":{"rendered":"<p>Ap\u00f3s o rompimento de uma barragem da mineradora Vale na Mina Feij\u00e3o, em Brumadinho, regi\u00e3o metropolitana de Belo Horizonte, o Corpo de Bombeiros confirmou que&hellip; <\/p>\n","protected":false},"author":1,"featured_media":82179,"comment_status":"closed","ping_status":"closed","sticky":false,"template":"","format":"standard","meta":{"sfsi_plus_gutenberg_text_before_share":"","sfsi_plus_gutenberg_show_text_before_share":"","sfsi_plus_gutenberg_icon_type":"","sfsi_plus_gutenberg_icon_alignemt":"","sfsi_plus_gutenburg_max_per_row":"","footnotes":""},"categories":[2],"tags":[],"class_list":["post-82178","post","type-post","status-publish","format-standard","has-post-thumbnail","hentry","category-geral"],"_links":{"self":[{"href":"https:\/\/www.caririemacao.com\/1\/wp-json\/wp\/v2\/posts\/82178","targetHints":{"allow":["GET"]}}],"collection":[{"href":"https:\/\/www.caririemacao.com\/1\/wp-json\/wp\/v2\/posts"}],"about":[{"href":"https:\/\/www.caririemacao.com\/1\/wp-json\/wp\/v2\/types\/post"}],"author":[{"embeddable":true,"href":"https:\/\/www.caririemacao.com\/1\/wp-json\/wp\/v2\/users\/1"}],"replies":[{"embeddable":true,"href":"https:\/\/www.caririemacao.com\/1\/wp-json\/wp\/v2\/comments?post=82178"}],"version-history":[{"count":1,"href":"https:\/\/www.caririemacao.com\/1\/wp-json\/wp\/v2\/posts\/82178\/revisions"}],"predecessor-version":[{"id":82180,"href":"https:\/\/www.caririemacao.com\/1\/wp-json\/wp\/v2\/posts\/82178\/revisions\/82180"}],"wp:featuredmedia":[{"embeddable":true,"href":"https:\/\/www.caririemacao.com\/1\/wp-json\/wp\/v2\/media\/82179"}],"wp:attachment":[{"href":"https:\/\/www.caririemacao.com\/1\/wp-json\/wp\/v2\/media?parent=82178"}],"wp:term":[{"taxonomy":"category","embeddable":true,"href":"https:\/\/www.caririemacao.com\/1\/wp-json\/wp\/v2\/categories?post=82178"},{"taxonomy":"post_tag","embeddable":true,"href":"https:\/\/www.caririemacao.com\/1\/wp-json\/wp\/v2\/tags?post=82178"}],"curies":[{"name":"wp","href":"https:\/\/api.w.org\/{rel}","templated":true}]}}