{"id":82181,"date":"2019-01-25T21:42:48","date_gmt":"2019-01-26T00:42:48","guid":{"rendered":"http:\/\/www.caririemacao.com\/1\/?p=82181"},"modified":"2019-01-26T10:19:33","modified_gmt":"2019-01-26T13:19:33","slug":"homenagens-e-bencao-do-vaqueiro-marcam-abertura-da-12a-vaquejada-do-haras-vila-cowtry-em-sume","status":"publish","type":"post","link":"https:\/\/www.caririemacao.com\/1\/2019\/01\/25\/homenagens-e-bencao-do-vaqueiro-marcam-abertura-da-12a-vaquejada-do-haras-vila-cowtry-em-sume\/","title":{"rendered":"Homenagens e b\u00ean\u00e7\u00e3o do vaqueiro marcam abertura da 12\u00aa Vaquejada do Haras Vila Cowtry em Sum\u00e9"},"content":{"rendered":"\n<p>Aconteceu na noite desta sexta-feira, (25), a abertura oficial da 12\u00aa Vaquejada do Parque Haras Vila Cowtry, na cidade de Sum\u00e9, no Cariri Paraibano. Inicialmente, a organiza\u00e7\u00e3o prestou homenagens a duas sumeenses.<\/p>\n\n\n\n<figure class=\"wp-block-image\"><img fetchpriority=\"high\" decoding=\"async\" width=\"900\" height=\"600\" src=\"http:\/\/www.caririemacao.com\/1\/wp-content\/uploads\/2019\/01\/DSC_0166.jpg\" alt=\"\" class=\"wp-image-82192\" srcset=\"https:\/\/www.caririemacao.com\/1\/wp-content\/uploads\/2019\/01\/DSC_0166.jpg 900w, https:\/\/www.caririemacao.com\/1\/wp-content\/uploads\/2019\/01\/DSC_0166-300x200.jpg 300w, https:\/\/www.caririemacao.com\/1\/wp-content\/uploads\/2019\/01\/DSC_0166-768x512.jpg 768w\" sizes=\"(max-width: 900px) 100vw, 900px\" \/><\/figure>\n\n\n\n<p>As sumeenses homenagens foram dona Maria Paulino e dona GUIGA(esposa do finado Manoel Louren\u00e7o), falecidas recentemente. Em seguida, o padre Naelson deu a tradicional b\u00ean\u00e7\u00e3o do vaqueiro.<\/p>\n\n\n\n<figure class=\"wp-block-image\"><img decoding=\"async\" width=\"900\" height=\"600\" data-src=\"http:\/\/www.caririemacao.com\/1\/wp-content\/uploads\/2019\/01\/DSC_0072.jpg\" alt=\"\" class=\"wp-image-82193 lazyload\" data-srcset=\"https:\/\/www.caririemacao.com\/1\/wp-content\/uploads\/2019\/01\/DSC_0072.jpg 900w, https:\/\/www.caririemacao.com\/1\/wp-content\/uploads\/2019\/01\/DSC_0072-300x200.jpg 300w, https:\/\/www.caririemacao.com\/1\/wp-content\/uploads\/2019\/01\/DSC_0072-768x512.jpg 768w\" data-sizes=\"(max-width: 900px) 100vw, 900px\" src=\"data:image\/svg+xml;base64,PHN2ZyB3aWR0aD0iMSIgaGVpZ2h0PSIxIiB4bWxucz0iaHR0cDovL3d3dy53My5vcmcvMjAwMC9zdmciPjwvc3ZnPg==\" style=\"--smush-placeholder-width: 900px; --smush-placeholder-aspect-ratio: 900\/600;\" \/><\/figure>\n\n\n\n<p>Conhecida tradicionalmente pela grande participa\u00e7\u00e3o popular\ne a presen\u00e7a de grandes vaqueiros, a cavalgada do Vila Cowtry este ano traz uma\npremia\u00e7\u00e3o de 140 mil reais. A vaquejada acontece at\u00e9 o pr\u00f3ximo domingo, dia 27.<\/p>\n\n\n\n<p>Dentro da programa\u00e7\u00e3o, haver\u00e1 shows durante os tr\u00eas dias. Nesta sexta-feira, dia 25, cantam Lino e Leno, no s\u00e1bado (26), shows com Caninana, Bonde do Brasil e Luiz Felipe. J\u00e1 no domingo (27), encerrando a programa\u00e7\u00e3o cantam Adriano Silva e Forr\u00f3 Kent. <\/p>\n","protected":false},"excerpt":{"rendered":"<p>Aconteceu na noite desta sexta-feira, (25), a abertura oficial da 12\u00aa Vaquejada do Parque Haras Vila Cowtry, na cidade de Sum\u00e9, no Cariri Paraibano. Inicialmente,&hellip; <\/p>\n","protected":false},"author":2,"featured_media":82191,"comment_status":"closed","ping_status":"closed","sticky":false,"template":"","format":"standard","meta":{"sfsi_plus_gutenberg_text_before_share":"","sfsi_plus_gutenberg_show_text_before_share":"","sfsi_plus_gutenberg_icon_type":"","sfsi_plus_gutenberg_icon_alignemt":"","sfsi_plus_gutenburg_max_per_row":"","footnotes":""},"categories":[1],"tags":[],"class_list":["post-82181","post","type-post","status-publish","format-standard","has-post-thumbnail","hentry","category-o-site"],"_links":{"self":[{"href":"https:\/\/www.caririemacao.com\/1\/wp-json\/wp\/v2\/posts\/82181","targetHints":{"allow":["GET"]}}],"collection":[{"href":"https:\/\/www.caririemacao.com\/1\/wp-json\/wp\/v2\/posts"}],"about":[{"href":"https:\/\/www.caririemacao.com\/1\/wp-json\/wp\/v2\/types\/post"}],"author":[{"embeddable":true,"href":"https:\/\/www.caririemacao.com\/1\/wp-json\/wp\/v2\/users\/2"}],"replies":[{"embeddable":true,"href":"https:\/\/www.caririemacao.com\/1\/wp-json\/wp\/v2\/comments?post=82181"}],"version-history":[{"count":3,"href":"https:\/\/www.caririemacao.com\/1\/wp-json\/wp\/v2\/posts\/82181\/revisions"}],"predecessor-version":[{"id":82196,"href":"https:\/\/www.caririemacao.com\/1\/wp-json\/wp\/v2\/posts\/82181\/revisions\/82196"}],"wp:featuredmedia":[{"embeddable":true,"href":"https:\/\/www.caririemacao.com\/1\/wp-json\/wp\/v2\/media\/82191"}],"wp:attachment":[{"href":"https:\/\/www.caririemacao.com\/1\/wp-json\/wp\/v2\/media?parent=82181"}],"wp:term":[{"taxonomy":"category","embeddable":true,"href":"https:\/\/www.caririemacao.com\/1\/wp-json\/wp\/v2\/categories?post=82181"},{"taxonomy":"post_tag","embeddable":true,"href":"https:\/\/www.caririemacao.com\/1\/wp-json\/wp\/v2\/tags?post=82181"}],"curies":[{"name":"wp","href":"https:\/\/api.w.org\/{rel}","templated":true}]}}