{"id":82189,"date":"2019-01-25T21:15:43","date_gmt":"2019-01-26T00:15:43","guid":{"rendered":"http:\/\/www.caririemacao.com\/1\/?p=82189"},"modified":"2019-01-25T21:15:47","modified_gmt":"2019-01-26T00:15:47","slug":"bolsonaro-se-pronuncia-sobre-barragem-e-embarca-para-brumadinho-amanha","status":"publish","type":"post","link":"https:\/\/www.caririemacao.com\/1\/2019\/01\/25\/bolsonaro-se-pronuncia-sobre-barragem-e-embarca-para-brumadinho-amanha\/","title":{"rendered":"Bolsonaro se pronuncia sobre barragem e embarca para Brumadinho amanh\u00e3"},"content":{"rendered":"\n<p>O presidente da Rep\u00fablica, Jair Bolsonaro (PSOL), se pronunciou sobre o rompimento da barragem de rejeitos da mineradora Vale, nesta sexta-feira (25), em Brumadinho, nos arredores de Belo Horizonte (MG).\n\n<\/p>\n\n\n\n<p>&#8220;Lamento o ocorrido em Brumadinho-MG. Determinei o deslocamento dos ministros do Desenvolvimento Regional e Minas e Energia, bem como nosso secret\u00e1rio Nacional de Defesa Civil para a regi\u00e3o&#8221;, escreveu em seu perfil no Twitter.<\/p>\n\n\n\n<p>Segundo o presidente, a preocupa\u00e7\u00e3o de imediato \u00e9 com as poss\u00edveis v\u00edtimas. &#8220;Nossa maior preocupa\u00e7\u00e3o, neste momento, \u00e9 atender eventuais v\u00edtimas desta grave trag\u00e9dia&#8221;, completou Bolsonaro.<\/p>\n\n\n\n<p>Segundo ele, o ministro de Meio Ambiente, Ricardo Salles, tamb\u00e9m j\u00e1 saiu de Bras\u00edlia (DF) em dire\u00e7\u00e3o a Brumadinho.<\/p>\n\n\n\n<p>Horas depois, Bolsonaro fez um pronunciamento oficial e confirmou que embarcar\u00e1, na manh\u00e3 deste s\u00e1bado, para Brumadinho, acompanhado do ministro da Defesa, o general da reserva Fernando Azevedo e Silva.<\/p>\n\n\n\n<p>Est\u00e1 previsto que o presidente seja internado em S\u00e3o Paulo, neste domingo, para cirurgia de retirada da bolsa de colostomia, na segunda-feira.<\/p>\n\n\n\n<p>Mais cedo, o secret\u00e1rio Nacional de Prote\u00e7\u00e3o e Defesa Civil, Alexandre Lucas, falou \u00e0 imprensa. \u201cTodo o governo federal j\u00e1 est\u00e1 mobilizado pra atuar no socorro e na resposta ao rompimento da barragem em Brumadinho. Uma equipe da Defesa Civil Nacional chefiada por mim j\u00e1 est\u00e1 se deslocando para a regi\u00e3o para apoiar as opera\u00e7\u00f5es do estado e dos munic\u00edpios\u201d, afirmou.<\/p>\n\n\n\n<p>Casas foram destru\u00eddas, comunidades est\u00e3o sendo evacuadas e rodovias est\u00e3o bloqueadas. H\u00e1 feridos, mas ainda n\u00e3o foram divulgadas informa\u00e7\u00f5es mais detalhadas sobre o n\u00famero de v\u00edtimas.<\/p>\n\n\n\n<p>clickpb<\/p>\n","protected":false},"excerpt":{"rendered":"<p>O presidente da Rep\u00fablica, Jair Bolsonaro (PSOL), se pronunciou sobre o rompimento da barragem de rejeitos da mineradora Vale, nesta sexta-feira (25), em Brumadinho, nos&hellip; <\/p>\n","protected":false},"author":2,"featured_media":76436,"comment_status":"closed","ping_status":"closed","sticky":false,"template":"","format":"standard","meta":{"sfsi_plus_gutenberg_text_before_share":"","sfsi_plus_gutenberg_show_text_before_share":"","sfsi_plus_gutenberg_icon_type":"","sfsi_plus_gutenberg_icon_alignemt":"","sfsi_plus_gutenburg_max_per_row":"","footnotes":""},"categories":[11],"tags":[],"class_list":["post-82189","post","type-post","status-publish","format-standard","has-post-thumbnail","hentry","category-politica"],"_links":{"self":[{"href":"https:\/\/www.caririemacao.com\/1\/wp-json\/wp\/v2\/posts\/82189","targetHints":{"allow":["GET"]}}],"collection":[{"href":"https:\/\/www.caririemacao.com\/1\/wp-json\/wp\/v2\/posts"}],"about":[{"href":"https:\/\/www.caririemacao.com\/1\/wp-json\/wp\/v2\/types\/post"}],"author":[{"embeddable":true,"href":"https:\/\/www.caririemacao.com\/1\/wp-json\/wp\/v2\/users\/2"}],"replies":[{"embeddable":true,"href":"https:\/\/www.caririemacao.com\/1\/wp-json\/wp\/v2\/comments?post=82189"}],"version-history":[{"count":1,"href":"https:\/\/www.caririemacao.com\/1\/wp-json\/wp\/v2\/posts\/82189\/revisions"}],"predecessor-version":[{"id":82190,"href":"https:\/\/www.caririemacao.com\/1\/wp-json\/wp\/v2\/posts\/82189\/revisions\/82190"}],"wp:featuredmedia":[{"embeddable":true,"href":"https:\/\/www.caririemacao.com\/1\/wp-json\/wp\/v2\/media\/76436"}],"wp:attachment":[{"href":"https:\/\/www.caririemacao.com\/1\/wp-json\/wp\/v2\/media?parent=82189"}],"wp:term":[{"taxonomy":"category","embeddable":true,"href":"https:\/\/www.caririemacao.com\/1\/wp-json\/wp\/v2\/categories?post=82189"},{"taxonomy":"post_tag","embeddable":true,"href":"https:\/\/www.caririemacao.com\/1\/wp-json\/wp\/v2\/tags?post=82189"}],"curies":[{"name":"wp","href":"https:\/\/api.w.org\/{rel}","templated":true}]}}