{"id":82197,"date":"2019-01-26T11:02:11","date_gmt":"2019-01-26T14:02:11","guid":{"rendered":"http:\/\/www.caririemacao.com\/1\/?p=82197"},"modified":"2019-01-26T11:02:14","modified_gmt":"2019-01-26T14:02:14","slug":"tce-entende-que-e-legal-contratacao-de-advogados-pelos-municipios","status":"publish","type":"post","link":"https:\/\/www.caririemacao.com\/1\/2019\/01\/26\/tce-entende-que-e-legal-contratacao-de-advogados-pelos-municipios\/","title":{"rendered":"TCE entende que \u00e9 legal contrata\u00e7\u00e3o de advogados pelos munic\u00edpios"},"content":{"rendered":"\n<p>O Tribunal de Contas da Para\u00edba (TCE-PB) tem um entendimento uniformizado pela legalidade de contrata\u00e7\u00e3o de advogados por munic\u00edpios, assim como outras Cortes de Contas pelo Pa\u00eds. A Uniformiza\u00e7\u00e3o foi destacada pelo conselheiro Nominando Diniz, vice presidente da Corte, ao analisar o Processo 05359\/05 (Ac\u00f3rd\u00e3o APL TC n\u00ba 195\/2007), referente ao munic\u00edpio de Ara\u00e7agi.<\/p>\n\n\n\n<p>\u201cEsta Corte de Contas uniformizou o entendimento sobre o assunto, estabelecendo que \u00e9 poss\u00edvel a contrata\u00e7\u00e3o de servi\u00e7os de assessoria jur\u00eddica e cont\u00e1bil, conforme decis\u00e3o do Tribunal Pleno em uniformiza\u00e7\u00e3o de jurisprud\u00eancia, com base no\u201d, destacou Nominando Diniz em sua delibera\u00e7\u00e3o como relator.<\/p>\n\n\n\n<p>Em outra decis\u00e3o, o Tribunal de Contas da Para\u00edba, nos autos do Processo 05.359\/05, desta vez referente a Prefeitura Municipal de Santo Andr\u00e9, objetivando a contrata\u00e7\u00e3o da empresa de advocacia para presta\u00e7\u00e3o de servidos de assessoria jur\u00eddica, acordou por meio dos conselheiros, em negar provimento a um recurso do Minist\u00e9rio P\u00fablico, a fim de manter a decis\u00e3o, reconhecendo que, por exce\u00e7\u00e3o e nas hip\u00f3teses j\u00e1 firmadas pela Lei n\u00b0 8.666\/93, \u00e9 poss\u00edvel a ado\u00e7\u00e3o do procedimento de Inexigibilidade de Licita\u00e7\u00e3o para os contratos sob exame, sem que isto represente subterf\u00fagio \u00e0 regra da Licita\u00e7\u00e3o, aplic\u00e1vel e exig\u00edvel nos casos da esp\u00e9cie ora apreciada nos presentes autos.<\/p>\n\n\n\n<p>Desta forma, na Para\u00edba o Tribunal de Contas tem respondido \u00e0s consultas feitas sobre as contrata\u00e7\u00f5es de forma harmoniosa com os entendimentos dos tribunais superiores. \u201cTendo em vista o entendimento pacificado nos Tribunais Superiores e a jurisprud\u00eancia desta Corte admitindo a contrata\u00e7\u00e3o direta de operadores do direito e de profissionais de contabilidade por enexigibilidade de licita\u00e7\u00e3o, entendemos desnecess\u00e1ria a submiss\u00e3o desta consulta ao Egr\u00e9gio Tribunal Pleno\u201d, destacou a resposta a consulta n\u00ba 1795\/17.<\/p>\n\n\n\n<p><strong>Atua\u00e7\u00e3o&nbsp;<\/strong><\/p>\n\n\n\n<p>O Superior Tribunal de Justi\u00e7a chegou a manter decis\u00e3o da Primeira Se\u00e7\u00e3o C\u00edvel do Tribunal de Justi\u00e7a de Goi\u00e1s (TJGO) a qual afirma ser legal a contrata\u00e7\u00e3o de advogados pelo Poder Municipal sem licita\u00e7\u00e3o. O Minist\u00e9rio P\u00fablico de Goi\u00e1s havia entrado com recurso especial argumentando que a pr\u00e1tica da inexigibilidade do processo licitat\u00f3rio nesses casos seria improbidade administrativa. A decis\u00e3o no STJ foi do ministro Mauro Campbell Marques.<\/p>\n\n\n\n<p><strong>CNMP<\/strong><\/p>\n\n\n\n<p>A an\u00e1lise do Procedimento de Controle Administrativo N\u00b0 1.00313\/2018-77, que trata sobre a contrata\u00e7\u00e3o de advogados por inexigibilidade de licita\u00e7\u00e3o ainda aguarda aprecia\u00e7\u00e3o. A mat\u00e9ria foi adiada por uma decis\u00e3o da presidente do Conselho Nacional do Minist\u00e9rio P\u00fablico, Raquel Dodge.<\/p>\n\n\n\n<p>Marco Villar destacou ainda que a resolu\u00e7\u00e3o 36\/2016 do CNMP afirma que \u201ca contrata\u00e7\u00e3o direta de advogado ou escrit\u00f3rio de advocacia por ente p\u00fablico, por inexigibilidade de licita\u00e7\u00e3o, por si s\u00f3, n\u00e3o constitui ato il\u00edcito ou improbo, pelo que recomenda aos membros do Minist\u00e9rio P\u00fablico que, caso entenda irregular a contrata\u00e7\u00e3o, descreva na eventual a\u00e7\u00e3o a ser proposta o descumprimento dos requisitos da Lei de Licita\u00e7\u00e3o\u201d.<\/p>\n\n\n\n<p><strong>MaisPB<\/strong><\/p>\n","protected":false},"excerpt":{"rendered":"<p>O Tribunal de Contas da Para\u00edba (TCE-PB) tem um entendimento uniformizado pela legalidade de contrata\u00e7\u00e3o de advogados por munic\u00edpios, assim como outras Cortes de Contas&hellip; <\/p>\n","protected":false},"author":2,"featured_media":39246,"comment_status":"closed","ping_status":"closed","sticky":false,"template":"","format":"standard","meta":{"sfsi_plus_gutenberg_text_before_share":"","sfsi_plus_gutenberg_show_text_before_share":"","sfsi_plus_gutenberg_icon_type":"","sfsi_plus_gutenberg_icon_alignemt":"","sfsi_plus_gutenburg_max_per_row":"","footnotes":""},"categories":[2],"tags":[],"class_list":["post-82197","post","type-post","status-publish","format-standard","has-post-thumbnail","hentry","category-geral"],"_links":{"self":[{"href":"https:\/\/www.caririemacao.com\/1\/wp-json\/wp\/v2\/posts\/82197","targetHints":{"allow":["GET"]}}],"collection":[{"href":"https:\/\/www.caririemacao.com\/1\/wp-json\/wp\/v2\/posts"}],"about":[{"href":"https:\/\/www.caririemacao.com\/1\/wp-json\/wp\/v2\/types\/post"}],"author":[{"embeddable":true,"href":"https:\/\/www.caririemacao.com\/1\/wp-json\/wp\/v2\/users\/2"}],"replies":[{"embeddable":true,"href":"https:\/\/www.caririemacao.com\/1\/wp-json\/wp\/v2\/comments?post=82197"}],"version-history":[{"count":1,"href":"https:\/\/www.caririemacao.com\/1\/wp-json\/wp\/v2\/posts\/82197\/revisions"}],"predecessor-version":[{"id":82198,"href":"https:\/\/www.caririemacao.com\/1\/wp-json\/wp\/v2\/posts\/82197\/revisions\/82198"}],"wp:featuredmedia":[{"embeddable":true,"href":"https:\/\/www.caririemacao.com\/1\/wp-json\/wp\/v2\/media\/39246"}],"wp:attachment":[{"href":"https:\/\/www.caririemacao.com\/1\/wp-json\/wp\/v2\/media?parent=82197"}],"wp:term":[{"taxonomy":"category","embeddable":true,"href":"https:\/\/www.caririemacao.com\/1\/wp-json\/wp\/v2\/categories?post=82197"},{"taxonomy":"post_tag","embeddable":true,"href":"https:\/\/www.caririemacao.com\/1\/wp-json\/wp\/v2\/tags?post=82197"}],"curies":[{"name":"wp","href":"https:\/\/api.w.org\/{rel}","templated":true}]}}