{"id":82199,"date":"2019-01-26T11:07:11","date_gmt":"2019-01-26T14:07:11","guid":{"rendered":"http:\/\/www.caririemacao.com\/1\/?p=82199"},"modified":"2019-01-26T11:07:15","modified_gmt":"2019-01-26T14:07:15","slug":"prefeita-de-monteiro-e-mencionada-como-modelo-de-gestao-em-solenidade-no-tce","status":"publish","type":"post","link":"https:\/\/www.caririemacao.com\/1\/2019\/01\/26\/prefeita-de-monteiro-e-mencionada-como-modelo-de-gestao-em-solenidade-no-tce\/","title":{"rendered":"Prefeita de Monteiro \u00e9 mencionada como modelo de gest\u00e3o em solenidade no TCE"},"content":{"rendered":"\n<p>A prefeita de Monteiro, Anna Lorena, foi uma das gestoras que ganhou destaque na tarde desta sexta-feira, 25, durante a solenidade de posse do presidente do Tribunal de Contas da Para\u00edba (TCE), Arn\u00f3bio Viana.<\/p>\n\n\n\n<p>A solenidade aconteceu no Audit\u00f3rio Celso Furtado, do Centro Cultural Ariano Suassuna, pertencente ao TCE. O conselheiro Arn\u00f3bio Viana, que j\u00e1 presidiu a Corte no bi\u00eanio 2007\/2008, volta a faz\u00ea-lo agora em 2019\/2020.<\/p>\n\n\n\n<p>Durante a solenidade foi exibido alguns v\u00eddeos referendando o modelo de gest\u00e3o de alguns munic\u00edpios, e, entre eles estava o munic\u00edpio de Monteiro, oportunidade que foi exibido um v\u00eddeo com depoimentos da prefeita Anna Lorena.<\/p>\n\n\n\n<p>Ao tomar conhecimento das refer\u00eancias feitas \u00e0 sua gest\u00e3o, a prefeita Anna Lorena declarou que este reconhecimento serve como incentivo para que sua administra\u00e7\u00e3o continue cada vez mais transparente, e aumenta ainda mais a responsabilidade de continuar gerindo bem os recursos p\u00fablicos. \u201cN\u00e3o podemos deixar de reconhecer que o TCE \u00e9 um exemplo de transpar\u00eancia e possui grande import\u00e2ncia nas parcerias junto aos munic\u00edpios\u201d, concluiu a prefeita.<\/p>\n\n\n\n<p>Na sess\u00e3o especial realizada na tarde desta sexta-feira, ainda tomaram posse de seus novos cargos os conselheiros Nominando Diniz (vice-presidente), Andr\u00e9 Carlo Torres Pontes (corregedor), F\u00e1bio Nogueira (ouvidor), Marcos Antonio da Costa (presidente da 1\u00aa C\u00e2mara), Arthur Cunha Lima (presidente da 2\u00aa C\u00e2mara) e Fernando Cat\u00e3o (coordenador da Escola de Contas Conselheiro Otac\u00edlio Silveira).<\/p>\n\n\n\n<p>vitrine do cariri<\/p>\n","protected":false},"excerpt":{"rendered":"<p>A prefeita de Monteiro, Anna Lorena, foi uma das gestoras que ganhou destaque na tarde desta sexta-feira, 25, durante a solenidade de posse do presidente&hellip; <\/p>\n","protected":false},"author":2,"featured_media":12074,"comment_status":"closed","ping_status":"closed","sticky":false,"template":"","format":"standard","meta":{"sfsi_plus_gutenberg_text_before_share":"","sfsi_plus_gutenberg_show_text_before_share":"","sfsi_plus_gutenberg_icon_type":"","sfsi_plus_gutenberg_icon_alignemt":"","sfsi_plus_gutenburg_max_per_row":"","footnotes":""},"categories":[6],"tags":[],"class_list":["post-82199","post","type-post","status-publish","format-standard","has-post-thumbnail","hentry","category-cidades"],"_links":{"self":[{"href":"https:\/\/www.caririemacao.com\/1\/wp-json\/wp\/v2\/posts\/82199","targetHints":{"allow":["GET"]}}],"collection":[{"href":"https:\/\/www.caririemacao.com\/1\/wp-json\/wp\/v2\/posts"}],"about":[{"href":"https:\/\/www.caririemacao.com\/1\/wp-json\/wp\/v2\/types\/post"}],"author":[{"embeddable":true,"href":"https:\/\/www.caririemacao.com\/1\/wp-json\/wp\/v2\/users\/2"}],"replies":[{"embeddable":true,"href":"https:\/\/www.caririemacao.com\/1\/wp-json\/wp\/v2\/comments?post=82199"}],"version-history":[{"count":1,"href":"https:\/\/www.caririemacao.com\/1\/wp-json\/wp\/v2\/posts\/82199\/revisions"}],"predecessor-version":[{"id":82200,"href":"https:\/\/www.caririemacao.com\/1\/wp-json\/wp\/v2\/posts\/82199\/revisions\/82200"}],"wp:featuredmedia":[{"embeddable":true,"href":"https:\/\/www.caririemacao.com\/1\/wp-json\/wp\/v2\/media\/12074"}],"wp:attachment":[{"href":"https:\/\/www.caririemacao.com\/1\/wp-json\/wp\/v2\/media?parent=82199"}],"wp:term":[{"taxonomy":"category","embeddable":true,"href":"https:\/\/www.caririemacao.com\/1\/wp-json\/wp\/v2\/categories?post=82199"},{"taxonomy":"post_tag","embeddable":true,"href":"https:\/\/www.caririemacao.com\/1\/wp-json\/wp\/v2\/tags?post=82199"}],"curies":[{"name":"wp","href":"https:\/\/api.w.org\/{rel}","templated":true}]}}