{"id":82201,"date":"2019-01-26T11:12:14","date_gmt":"2019-01-26T14:12:14","guid":{"rendered":"http:\/\/www.caririemacao.com\/1\/?p=82201"},"modified":"2019-01-26T11:12:37","modified_gmt":"2019-01-26T14:12:37","slug":"prefeito-de-gurjao-sanciona-lei-que-concede-reajuste-salarial-a-todos-os-servidores","status":"publish","type":"post","link":"https:\/\/www.caririemacao.com\/1\/2019\/01\/26\/prefeito-de-gurjao-sanciona-lei-que-concede-reajuste-salarial-a-todos-os-servidores\/","title":{"rendered":"Prefeito de Gurj\u00e3o sanciona Lei que concede reajuste salarial \u00e0 todos os servidores"},"content":{"rendered":"\n<p>O Prefeito do munic\u00edpio de Gurj\u00e3o, Ronaldo Queiroz,&nbsp;sancionou nesta sexta-feira(25), o reajuste salarial de 4,17% aos professores da Rede Municipal de Ensino. O valor \u00e9 corresponde ao reajuste anual do piso salarial do magist\u00e9rio anunciado pelo MEC.<\/p>\n\n\n\n<p>O gestor destacou a satisfa\u00e7\u00e3o em poder honrar com as obriga\u00e7\u00f5es e ainda reafirmou a valoriza\u00e7\u00e3o dos professores e da Educa\u00e7\u00e3o em sua gest\u00e3o.<\/p>\n\n\n\n<p>Junto com o reajuste salarial ao magist\u00e9rio, o Prefeito Ronaldo tamb\u00e9m sancionou nesta sexta-feira, o projeto de lei que estabelece a remunera\u00e7\u00e3o m\u00ednima de todos os servidores p\u00fablicos municipais sob qualquer vinculo, a remunera\u00e7\u00e3o de R$ 1.000,00 (Hum Mil Reais), valor esse, superior ao sal\u00e1rio m\u00ednimo nacional. Os servidores municipais de Gurj\u00e3o j\u00e1 ir\u00e3o receber o reajuste j\u00e1 neste m\u00eas de janeiro.<\/p>\n\n\n\n<p>O prefeito Ronaldo Queiroz explica que, mesmo diante da crise financeira pela qual passa os munic\u00edpios, o reajuste \u00e9 necess\u00e1rio para a valoriza\u00e7\u00e3o dos professores da rede de ensino de Gurj\u00e3o; \u201cO professor \u00e9 um dos profissionais mais importantes para o desenvolvimento do munic\u00edpio, tendo em vista seu papel na forma\u00e7\u00e3o dos cidad\u00e3os e sua grande contribui\u00e7\u00e3o dada para o futuro das nossas crian\u00e7as.<\/p>\n\n\n\n<p>Al\u00e9m do magist\u00e9rio, concedemos reajuste \u00e0 todos servidores p\u00fablicos municipais de Gurj\u00e3o. Mais do que justo valorizarmos as estes servidores que tanto fazem pelo nosso munic\u00edpio. Todos em cada sua fun\u00e7\u00e3o, exercem um papel fundamental. Merecem nosso respeito e gratid\u00e3o\u201d, destacou Ronaldo Queiroz.<\/p>\n\n\n\n<p>vitrine do cariri<\/p>\n","protected":false},"excerpt":{"rendered":"<p>O Prefeito do munic\u00edpio de Gurj\u00e3o, Ronaldo Queiroz,&nbsp;sancionou nesta sexta-feira(25), o reajuste salarial de 4,17% aos professores da Rede Municipal de Ensino. O valor \u00e9&hellip; <\/p>\n","protected":false},"author":2,"featured_media":9696,"comment_status":"closed","ping_status":"closed","sticky":false,"template":"","format":"standard","meta":{"sfsi_plus_gutenberg_text_before_share":"","sfsi_plus_gutenberg_show_text_before_share":"","sfsi_plus_gutenberg_icon_type":"","sfsi_plus_gutenberg_icon_alignemt":"","sfsi_plus_gutenburg_max_per_row":"","footnotes":""},"categories":[2],"tags":[],"class_list":["post-82201","post","type-post","status-publish","format-standard","has-post-thumbnail","hentry","category-geral"],"_links":{"self":[{"href":"https:\/\/www.caririemacao.com\/1\/wp-json\/wp\/v2\/posts\/82201","targetHints":{"allow":["GET"]}}],"collection":[{"href":"https:\/\/www.caririemacao.com\/1\/wp-json\/wp\/v2\/posts"}],"about":[{"href":"https:\/\/www.caririemacao.com\/1\/wp-json\/wp\/v2\/types\/post"}],"author":[{"embeddable":true,"href":"https:\/\/www.caririemacao.com\/1\/wp-json\/wp\/v2\/users\/2"}],"replies":[{"embeddable":true,"href":"https:\/\/www.caririemacao.com\/1\/wp-json\/wp\/v2\/comments?post=82201"}],"version-history":[{"count":1,"href":"https:\/\/www.caririemacao.com\/1\/wp-json\/wp\/v2\/posts\/82201\/revisions"}],"predecessor-version":[{"id":82202,"href":"https:\/\/www.caririemacao.com\/1\/wp-json\/wp\/v2\/posts\/82201\/revisions\/82202"}],"wp:featuredmedia":[{"embeddable":true,"href":"https:\/\/www.caririemacao.com\/1\/wp-json\/wp\/v2\/media\/9696"}],"wp:attachment":[{"href":"https:\/\/www.caririemacao.com\/1\/wp-json\/wp\/v2\/media?parent=82201"}],"wp:term":[{"taxonomy":"category","embeddable":true,"href":"https:\/\/www.caririemacao.com\/1\/wp-json\/wp\/v2\/categories?post=82201"},{"taxonomy":"post_tag","embeddable":true,"href":"https:\/\/www.caririemacao.com\/1\/wp-json\/wp\/v2\/tags?post=82201"}],"curies":[{"name":"wp","href":"https:\/\/api.w.org\/{rel}","templated":true}]}}