{"id":82205,"date":"2019-01-26T11:23:44","date_gmt":"2019-01-26T14:23:44","guid":{"rendered":"http:\/\/www.caririemacao.com\/1\/?p=82205"},"modified":"2019-01-26T11:23:46","modified_gmt":"2019-01-26T14:23:46","slug":"fevereiro-tera-bandeira-tarifaria-verde-na-conta-de-energia-eletrica","status":"publish","type":"post","link":"https:\/\/www.caririemacao.com\/1\/2019\/01\/26\/fevereiro-tera-bandeira-tarifaria-verde-na-conta-de-energia-eletrica\/","title":{"rendered":"Fevereiro ter\u00e1 bandeira tarif\u00e1ria verde na conta de energia el\u00e9trica"},"content":{"rendered":"\n<p>A Ag\u00eancia Nacional de Energia El\u00e9trica (Aneel) informou hoje (25) que a bandeira tarif\u00e1ria para fevereiro de 2019 ser\u00e1 a mesma de janeiro: verde, sem custo extra para os consumidores. Apesar da manuten\u00e7\u00e3o da bandeira verde, o m\u00eas de janeiro apresentou volume menor de chuvas que o esperado.<\/p>\n\n\n\n<p>Em nota, a ag\u00eancia disse que, \u201cmesmo com a eleva\u00e7\u00e3o do Pre\u00e7o de Liquida\u00e7\u00e3o das Diferen\u00e7as (PLD) provocada pela diminui\u00e7\u00e3o das chuvas em janeiro, a esta\u00e7\u00e3o chuvosa est\u00e1 em curso, propiciando eleva\u00e7\u00e3o gradativa da produ\u00e7\u00e3o de energia pelas usinas hidrel\u00e9tricas e melhora do n\u00edvel dos reservat\u00f3rios, com a consequente recupera\u00e7\u00e3o do risco hidrol\u00f3gico (GSF)\u201d.<\/p>\n\n\n\n<p>O GSF e o PLD s\u00e3o as duas vari\u00e1veis que determinam a cor da bandeira a ser acionada, disse a Aneel.<\/p>\n\n\n\n<p><strong>Sistema<\/strong><\/p>\n\n\n\n<p>O sistema de bandeiras tarif\u00e1rias foi criado, de acordo com a Aneel, para sinalizar aos consumidores os custos reais da gera\u00e7\u00e3o de energia el\u00e9trica. A ado\u00e7\u00e3o de cada bandeira, nas cores verde (sem cobran\u00e7a extra), amarela e vermelha (patamar 1 e 2) est\u00e1 relacionada aos custos da gera\u00e7\u00e3o de energia el\u00e9trica. Na amarela h\u00e1 o acr\u00e9scimo de R$ 1 a cada 100 kWh (quilowatts-hora). Na vermelha no patamar 1, o adicional nas contas de luz \u00e9 de R$ 3 a cada 100 kWh; no 2, o valor extra sobe para R$ 5.<\/p>\n\n\n\n<p><strong>Dicas de economia<\/strong><\/p>\n\n\n\n<p>Para evitar aumento significativo nas contas, a Aneel d\u00e1 dicas para que os consumidores economizem energia. Entre elas a de, no caso do uso de chuveiros el\u00e9tricos, se tomar banhos mais curtos e em temperatura morna ou fria.<\/p>\n\n\n\n<p>A ag\u00eancia sugere tamb\u00e9m a diminui\u00e7\u00e3o no uso do ar condicionado e que, quando o aparelho for usado, que se evite deixar portas e janelas abertas, al\u00e9m de manter o filtro limpo. A Aneel sugere, ainda, que o consumidor tenha aten\u00e7\u00e3o para deixar a porta da geladeira aberta apenas o tempo que for necess\u00e1rio e que nunca se coloque alimentos quentes em seu interior.<\/p>\n\n\n\n<p>Outra dica da Aneel para que o consumidor economize energia \u00e9 a de juntar roupas para serem passadas de uma s\u00f3 vez e que n\u00e3o se deixe o ferro de passar ligado por muito tempo. Sugere tamb\u00e9m que, durante longos per\u00edodos de aus\u00eancia, o consumidor evite deixar seus aparelhos em stand-by. Nesse caso, o mais indicado \u00e9 retir\u00e1-los da tomada.<\/p>\n\n\n\n<p>WSCOM<\/p>\n","protected":false},"excerpt":{"rendered":"<p>A Ag\u00eancia Nacional de Energia El\u00e9trica (Aneel) informou hoje (25) que a bandeira tarif\u00e1ria para fevereiro de 2019 ser\u00e1 a mesma de janeiro: verde, sem&hellip; <\/p>\n","protected":false},"author":2,"featured_media":887,"comment_status":"closed","ping_status":"closed","sticky":false,"template":"","format":"standard","meta":{"sfsi_plus_gutenberg_text_before_share":"","sfsi_plus_gutenberg_show_text_before_share":"","sfsi_plus_gutenberg_icon_type":"","sfsi_plus_gutenberg_icon_alignemt":"","sfsi_plus_gutenburg_max_per_row":"","footnotes":""},"categories":[2],"tags":[],"class_list":["post-82205","post","type-post","status-publish","format-standard","has-post-thumbnail","hentry","category-geral"],"_links":{"self":[{"href":"https:\/\/www.caririemacao.com\/1\/wp-json\/wp\/v2\/posts\/82205","targetHints":{"allow":["GET"]}}],"collection":[{"href":"https:\/\/www.caririemacao.com\/1\/wp-json\/wp\/v2\/posts"}],"about":[{"href":"https:\/\/www.caririemacao.com\/1\/wp-json\/wp\/v2\/types\/post"}],"author":[{"embeddable":true,"href":"https:\/\/www.caririemacao.com\/1\/wp-json\/wp\/v2\/users\/2"}],"replies":[{"embeddable":true,"href":"https:\/\/www.caririemacao.com\/1\/wp-json\/wp\/v2\/comments?post=82205"}],"version-history":[{"count":1,"href":"https:\/\/www.caririemacao.com\/1\/wp-json\/wp\/v2\/posts\/82205\/revisions"}],"predecessor-version":[{"id":82206,"href":"https:\/\/www.caririemacao.com\/1\/wp-json\/wp\/v2\/posts\/82205\/revisions\/82206"}],"wp:featuredmedia":[{"embeddable":true,"href":"https:\/\/www.caririemacao.com\/1\/wp-json\/wp\/v2\/media\/887"}],"wp:attachment":[{"href":"https:\/\/www.caririemacao.com\/1\/wp-json\/wp\/v2\/media?parent=82205"}],"wp:term":[{"taxonomy":"category","embeddable":true,"href":"https:\/\/www.caririemacao.com\/1\/wp-json\/wp\/v2\/categories?post=82205"},{"taxonomy":"post_tag","embeddable":true,"href":"https:\/\/www.caririemacao.com\/1\/wp-json\/wp\/v2\/tags?post=82205"}],"curies":[{"name":"wp","href":"https:\/\/api.w.org\/{rel}","templated":true}]}}