{"id":82207,"date":"2019-01-26T11:57:59","date_gmt":"2019-01-26T14:57:59","guid":{"rendered":"http:\/\/www.caririemacao.com\/1\/?p=82207"},"modified":"2019-01-26T11:58:02","modified_gmt":"2019-01-26T14:58:02","slug":"governo-de-bolsonaro-nomeia-mais-um-paraibano-para-ocupar-cargo-em-brasilia","status":"publish","type":"post","link":"https:\/\/www.caririemacao.com\/1\/2019\/01\/26\/governo-de-bolsonaro-nomeia-mais-um-paraibano-para-ocupar-cargo-em-brasilia\/","title":{"rendered":"Governo de Bolsonaro nomeia mais um paraibano para ocupar cargo em Bras\u00edlia"},"content":{"rendered":"\n<p>Mais um paraibano foi nomeado para fazer parte do governo do presidente Jair Bolsonaro em Bras\u00edlia. A edi\u00e7\u00e3o desta sexta-feira (25) do Di\u00e1rio Oficial da Uni\u00e3o trouxe a publica\u00e7\u00e3o de portaria com a designa\u00e7\u00e3o de T\u00e1rcio Handel Pessoa para ocupar a secretaria adjunta da Secretaria Executiva do Minist\u00e9rio do Turismo.<\/p>\n\n\n\n<p>A designa\u00e7\u00e3o foi feita pelo ministro-chefe da Casa Civil do governo de Bolsonaro.<\/p>\n\n\n\n<p>T\u00e1rcio Pessoa ocupou cargos de secret\u00e1rio na gest\u00e3o do ex-governador Ricardo Coutinho. Ele \u00e9 formado em Direito, Administra\u00e7\u00e3o e especialista em Direito P\u00fablico pela UFPB. T\u00e1rcio tamb\u00e9m tem MBA em Gest\u00e3o Empresarial pela FGV-SP e atua h\u00e1 mais de 10 anos como gestor de estrat\u00e9gias para sustentabilidade de organiza\u00e7\u00f5es, na capta\u00e7\u00e3o de recursos e forma\u00e7\u00e3o de alian\u00e7as e parcerias.<\/p>\n","protected":false},"excerpt":{"rendered":"<p>Mais um paraibano foi nomeado para fazer parte do governo do presidente Jair Bolsonaro em Bras\u00edlia. A edi\u00e7\u00e3o desta sexta-feira (25) do Di\u00e1rio Oficial da&hellip; <\/p>\n","protected":false},"author":2,"featured_media":82208,"comment_status":"closed","ping_status":"closed","sticky":false,"template":"","format":"standard","meta":{"sfsi_plus_gutenberg_text_before_share":"","sfsi_plus_gutenberg_show_text_before_share":"","sfsi_plus_gutenberg_icon_type":"","sfsi_plus_gutenberg_icon_alignemt":"","sfsi_plus_gutenburg_max_per_row":"","footnotes":""},"categories":[11],"tags":[],"class_list":["post-82207","post","type-post","status-publish","format-standard","has-post-thumbnail","hentry","category-politica"],"_links":{"self":[{"href":"https:\/\/www.caririemacao.com\/1\/wp-json\/wp\/v2\/posts\/82207","targetHints":{"allow":["GET"]}}],"collection":[{"href":"https:\/\/www.caririemacao.com\/1\/wp-json\/wp\/v2\/posts"}],"about":[{"href":"https:\/\/www.caririemacao.com\/1\/wp-json\/wp\/v2\/types\/post"}],"author":[{"embeddable":true,"href":"https:\/\/www.caririemacao.com\/1\/wp-json\/wp\/v2\/users\/2"}],"replies":[{"embeddable":true,"href":"https:\/\/www.caririemacao.com\/1\/wp-json\/wp\/v2\/comments?post=82207"}],"version-history":[{"count":1,"href":"https:\/\/www.caririemacao.com\/1\/wp-json\/wp\/v2\/posts\/82207\/revisions"}],"predecessor-version":[{"id":82209,"href":"https:\/\/www.caririemacao.com\/1\/wp-json\/wp\/v2\/posts\/82207\/revisions\/82209"}],"wp:featuredmedia":[{"embeddable":true,"href":"https:\/\/www.caririemacao.com\/1\/wp-json\/wp\/v2\/media\/82208"}],"wp:attachment":[{"href":"https:\/\/www.caririemacao.com\/1\/wp-json\/wp\/v2\/media?parent=82207"}],"wp:term":[{"taxonomy":"category","embeddable":true,"href":"https:\/\/www.caririemacao.com\/1\/wp-json\/wp\/v2\/categories?post=82207"},{"taxonomy":"post_tag","embeddable":true,"href":"https:\/\/www.caririemacao.com\/1\/wp-json\/wp\/v2\/tags?post=82207"}],"curies":[{"name":"wp","href":"https:\/\/api.w.org\/{rel}","templated":true}]}}