{"id":82210,"date":"2019-01-26T12:03:26","date_gmt":"2019-01-26T15:03:26","guid":{"rendered":"http:\/\/www.caririemacao.com\/1\/?p=82210"},"modified":"2019-01-26T12:03:29","modified_gmt":"2019-01-26T15:03:29","slug":"bolsonaro-sobrevoa-area-onde-barragem-rompeu-em-brumadinho","status":"publish","type":"post","link":"https:\/\/www.caririemacao.com\/1\/2019\/01\/26\/bolsonaro-sobrevoa-area-onde-barragem-rompeu-em-brumadinho\/","title":{"rendered":"Bolsonaro sobrevoa \u00e1rea onde barragem rompeu em Brumadinho"},"content":{"rendered":"\n<p>O presidente Jair Bolsonaro sobrevoou Brumadinho (MG) na manh\u00e3 deste s\u00e1bado (26). Ele chegou ao aeroporto de Confins \u00e0s 10h27 e, de l\u00e1, tomou um helic\u00f3ptero e seguiu para a regi\u00e3o que foi devastada pela lama oriunda do rompimento da barragem da Mina C\u00f3rrego do Feij\u00e3o, da Vale.&nbsp;<\/p>\n\n\n\n<p>O presidente est\u00e1 acompanhado dos ministros Augusto Heleno (Gabinete de Seguran\u00e7a Institucional), Santos Cruz (Secretaria de Governo), Fernando Azevedo e Silva (Defesa) e Ricardo Salles (Meio Ambiente).<\/p>\n\n\n\n<p>Jair Bolsonaro far\u00e1 uma reuni\u00e3o de trabalho em Belo Horizonte com todas as autoridades envolvidas na trag\u00e9dia. Ele volta ainda neste s\u00e1bado (26) para Bras\u00edlia.<\/p>\n\n\n\n<p>Ao anunciar ontem (25) medidas emergenciais para \u201cminorar\u201d a trag\u00e9dia, Bolsonaro afirmou, em um pronunciamento, no Pal\u00e1cio do Planalto, que iria sobrevoar a regi\u00e3o para reavaliar e definir as medidas que devem ser adotadas.<\/p>\n\n\n\n<p>\u201cPara que possamos ent\u00e3o, mais uma vez reavaliando os danos, tomar todas as medidas cab\u00edveis para minorar o sofrimento de familiares de poss\u00edveis v\u00edtimas, bem como a quest\u00e3o ambiental\u201d, disse.<\/p>\n\n\n\n<p>Ontem o presidente determinou a ida dos ministros do Meio Ambiente, Ricardo Salles; de Minas e Energia, almirante Beto Albuquerque J\u00fanior; e Desenvolvimento Regional, Gustavo Canuto.<\/p>\n\n\n\n<p>No sobrevoo de hoje estar\u00e3o os ministros da Defesa, Fernando Azevedo e Silva; do Gabinete de Seguran\u00e7a Institucional, general Augusto Heleno; e de Secretaria de Governo, Alberto dos Santos Cruz, al\u00e9m do porta-voz, Ot\u00e1vio do R\u00eago Barros.<\/p>\n\n\n\n<p>Ainda n\u00e3o est\u00e1 definido se o presidente Bolsonaro desce em Brumadinho ou apenas sobrevoar\u00e1 o local. A princ\u00edpio, o presidente falar\u00e1 com a imprensa em Belo Horizonte, no aeroporto.<\/p>\n\n\n\n<p>O porta-voz Ot\u00e1vio do R\u00eago Barros disse que a prioridade do governo federal \u00e9 atender a popula\u00e7\u00e3o afetada. O trabalho \u00e9 realizado em parceria com os governos de Minas Gerais e tamb\u00e9m do munic\u00edpio de Brumadinho.<\/p>\n\n\n\n<p>De acordo com Barros, o Ex\u00e9rcito disponibilizou tr\u00eas helic\u00f3pteros e homens das tr\u00eas For\u00e7as Armadas para operar nas a\u00e7\u00f5es de busca e resgate. O governo trabalha com a estimativa de amortecimento do avan\u00e7o dos rejeitos na Barragem da Usina Hidrel\u00e9trica do Retiro Baixo, a 220 quil\u00f4metros do local do rompimento.<\/p>\n","protected":false},"excerpt":{"rendered":"<p>O presidente Jair Bolsonaro sobrevoou Brumadinho (MG) na manh\u00e3 deste s\u00e1bado (26). Ele chegou ao aeroporto de Confins \u00e0s 10h27 e, de l\u00e1, tomou um&hellip; <\/p>\n","protected":false},"author":2,"featured_media":82211,"comment_status":"closed","ping_status":"closed","sticky":false,"template":"","format":"standard","meta":{"sfsi_plus_gutenberg_text_before_share":"","sfsi_plus_gutenberg_show_text_before_share":"","sfsi_plus_gutenberg_icon_type":"","sfsi_plus_gutenberg_icon_alignemt":"","sfsi_plus_gutenburg_max_per_row":"","footnotes":""},"categories":[11],"tags":[],"class_list":["post-82210","post","type-post","status-publish","format-standard","has-post-thumbnail","hentry","category-politica"],"_links":{"self":[{"href":"https:\/\/www.caririemacao.com\/1\/wp-json\/wp\/v2\/posts\/82210","targetHints":{"allow":["GET"]}}],"collection":[{"href":"https:\/\/www.caririemacao.com\/1\/wp-json\/wp\/v2\/posts"}],"about":[{"href":"https:\/\/www.caririemacao.com\/1\/wp-json\/wp\/v2\/types\/post"}],"author":[{"embeddable":true,"href":"https:\/\/www.caririemacao.com\/1\/wp-json\/wp\/v2\/users\/2"}],"replies":[{"embeddable":true,"href":"https:\/\/www.caririemacao.com\/1\/wp-json\/wp\/v2\/comments?post=82210"}],"version-history":[{"count":1,"href":"https:\/\/www.caririemacao.com\/1\/wp-json\/wp\/v2\/posts\/82210\/revisions"}],"predecessor-version":[{"id":82212,"href":"https:\/\/www.caririemacao.com\/1\/wp-json\/wp\/v2\/posts\/82210\/revisions\/82212"}],"wp:featuredmedia":[{"embeddable":true,"href":"https:\/\/www.caririemacao.com\/1\/wp-json\/wp\/v2\/media\/82211"}],"wp:attachment":[{"href":"https:\/\/www.caririemacao.com\/1\/wp-json\/wp\/v2\/media?parent=82210"}],"wp:term":[{"taxonomy":"category","embeddable":true,"href":"https:\/\/www.caririemacao.com\/1\/wp-json\/wp\/v2\/categories?post=82210"},{"taxonomy":"post_tag","embeddable":true,"href":"https:\/\/www.caririemacao.com\/1\/wp-json\/wp\/v2\/tags?post=82210"}],"curies":[{"name":"wp","href":"https:\/\/api.w.org\/{rel}","templated":true}]}}