{"id":82216,"date":"2019-01-26T12:16:46","date_gmt":"2019-01-26T15:16:46","guid":{"rendered":"http:\/\/www.caririemacao.com\/1\/?p=82216"},"modified":"2019-01-26T12:16:48","modified_gmt":"2019-01-26T15:16:48","slug":"mais-de-20-pessoas-sao-presas-e-armas-e-drogas-sao-apreendidas-em-festa-que-fazia-apologia-a-grupo-criminoso-na-capital","status":"publish","type":"post","link":"https:\/\/www.caririemacao.com\/1\/2019\/01\/26\/mais-de-20-pessoas-sao-presas-e-armas-e-drogas-sao-apreendidas-em-festa-que-fazia-apologia-a-grupo-criminoso-na-capital\/","title":{"rendered":"Mais de 20 pessoas s\u00e3o presas e armas e drogas s\u00e3o apreendidas em festa que fazia apologia a grupo criminoso, na Capital"},"content":{"rendered":"\n<p>Uma opera\u00e7\u00e3o da Pol\u00edcia Militar da Para\u00edba colocou fim a uma festa que acontecia durante a madrugada deste s\u00e1bado (26), em uma casa de eventos, no Portal do Sol, em Jo\u00e3o Pessoa, onde 412 pessoas foram revistadas e identificadas, duas armas de fogo foram apreendidas, al\u00e9m de frascos de lol\u00f3 e por\u00e7\u00f5es de drogas que estavam sendo consumidas por participantes. Mais de 20 suspeitos que estavam cumprindo penas em liberdade condicional por tr\u00e1fico, associa\u00e7\u00e3o para o tr\u00e1fico, roubo majorado, entre outros crimes, foram flagrados no local e presos.<br>\n&nbsp;<br>\nEntre eles, estava o organizador do evento, Josevaldo Gomes da Silva J\u00fanior, de 24 anos, que foi flagrado com uma pistola na cintura. Ele respondia em liberdade condicional por v\u00e1rios crimes, entre eles, por a\u00e7\u00e3o contra caixa eletr\u00f4nico. No local, tamb\u00e9m foi preso outro envolvido em a\u00e7\u00e3o contra institui\u00e7\u00f5es financeiras, o J\u00falio Cesar da Silva Fran\u00e7a, de 29 anos, tamb\u00e9m respondendo ao crime &#8211; praticado em abril de 2015 &#8211; em liberdade condicional.<\/p>\n\n\n\n<p>Conforme os levantamentos realizados pela Pol\u00edcia Militar, a renda do evento, que trouxe artistas de funk do Rio de Janeiro e de outros estados, seria destinada para custear despesas de um grupo criminoso, que atua no tr\u00e1fico de drogas na Para\u00edba, o que deve ser investigado.<\/p>\n\n\n\n<p>A PM atuou com v\u00e1rios grupos operacionais, com apoio do Corpo de Bombeiros Militar, Instituto de Pol\u00edcia Cient\u00edfica e da Secretaria de Estado da Administra\u00e7\u00e3o Penitenci\u00e1ria. O local do evento foi todo cercado e os policiais foram revistando e identificando nominalmente os 412 participantes, dos quais 45 j\u00e1 respondiam a algum tipo de processo por crimes. Dois \u00f4nibus foram usados para conduzir pessoas que estavam sem identifica\u00e7\u00e3o at\u00e9 a delegacia. O local da festa foi multado em 25 mil reais por polui\u00e7\u00e3o sonora.<\/p>\n\n\n\n<p>O material apreendido e todos os suspeitos flagrados com armas, drogas e com pend\u00eancias na justi\u00e7a foram encaminhados para a Central de Pol\u00edcia Civil, no Geisel.<\/p>\n\n\n\n<p><strong><em>PB Agora<\/em><\/strong><\/p>\n","protected":false},"excerpt":{"rendered":"<p>Uma opera\u00e7\u00e3o da Pol\u00edcia Militar da Para\u00edba colocou fim a uma festa que acontecia durante a madrugada deste s\u00e1bado (26), em uma casa de eventos,&hellip; <\/p>\n","protected":false},"author":2,"featured_media":69131,"comment_status":"closed","ping_status":"closed","sticky":false,"template":"","format":"standard","meta":{"sfsi_plus_gutenberg_text_before_share":"","sfsi_plus_gutenberg_show_text_before_share":"","sfsi_plus_gutenberg_icon_type":"","sfsi_plus_gutenberg_icon_alignemt":"","sfsi_plus_gutenburg_max_per_row":"","footnotes":""},"categories":[12],"tags":[],"class_list":["post-82216","post","type-post","status-publish","format-standard","has-post-thumbnail","hentry","category-policia"],"_links":{"self":[{"href":"https:\/\/www.caririemacao.com\/1\/wp-json\/wp\/v2\/posts\/82216","targetHints":{"allow":["GET"]}}],"collection":[{"href":"https:\/\/www.caririemacao.com\/1\/wp-json\/wp\/v2\/posts"}],"about":[{"href":"https:\/\/www.caririemacao.com\/1\/wp-json\/wp\/v2\/types\/post"}],"author":[{"embeddable":true,"href":"https:\/\/www.caririemacao.com\/1\/wp-json\/wp\/v2\/users\/2"}],"replies":[{"embeddable":true,"href":"https:\/\/www.caririemacao.com\/1\/wp-json\/wp\/v2\/comments?post=82216"}],"version-history":[{"count":1,"href":"https:\/\/www.caririemacao.com\/1\/wp-json\/wp\/v2\/posts\/82216\/revisions"}],"predecessor-version":[{"id":82217,"href":"https:\/\/www.caririemacao.com\/1\/wp-json\/wp\/v2\/posts\/82216\/revisions\/82217"}],"wp:featuredmedia":[{"embeddable":true,"href":"https:\/\/www.caririemacao.com\/1\/wp-json\/wp\/v2\/media\/69131"}],"wp:attachment":[{"href":"https:\/\/www.caririemacao.com\/1\/wp-json\/wp\/v2\/media?parent=82216"}],"wp:term":[{"taxonomy":"category","embeddable":true,"href":"https:\/\/www.caririemacao.com\/1\/wp-json\/wp\/v2\/categories?post=82216"},{"taxonomy":"post_tag","embeddable":true,"href":"https:\/\/www.caririemacao.com\/1\/wp-json\/wp\/v2\/tags?post=82216"}],"curies":[{"name":"wp","href":"https:\/\/api.w.org\/{rel}","templated":true}]}}