{"id":82219,"date":"2019-01-27T10:16:21","date_gmt":"2019-01-27T13:16:21","guid":{"rendered":"http:\/\/www.caririemacao.com\/1\/?p=82219"},"modified":"2019-01-27T10:16:25","modified_gmt":"2019-01-27T13:16:25","slug":"vereador-paraibano-e-baleado-no-peito-durante-tentativa-de-assalto","status":"publish","type":"post","link":"https:\/\/www.caririemacao.com\/1\/2019\/01\/27\/vereador-paraibano-e-baleado-no-peito-durante-tentativa-de-assalto\/","title":{"rendered":"Vereador paraibano \u00e9 baleado no peito durante tentativa de assalto"},"content":{"rendered":"\n<p>Seis homens foram presos na madrugada desta sexta-feira (25) ap\u00f3s trocarem tiros com policiais rodovi\u00e1rios federais. O grupo \u00e9 suspeito de tentar assaltar motoristas que trafegavam pela Reta Tabajara, como \u00e9 mais conhecido o trecho da BR-304 entre Maca\u00edba e o trevo de acesso \u00e0 BR-226, na Grande Natal.<\/p>\n\n\n\n<p>Uma das v\u00edtimas dos assaltantes foi um vereador do munic\u00edpio de S\u00e3o Jo\u00e3o do Sabugi, que levou um tiro no peito. Levado consciente para o hospital, ele j\u00e1 foi liberado e n\u00e3o corre risco e morte.<\/p>\n\n\n\n<p>Segundo a PRF, o primeiro alvo dos criminosos foi uma Amarok. Mas, o motorista conseguiu escapar da a\u00e7\u00e3o e pediu socorro no posto da PRF, em Maca\u00edba. Enquanto os policiais rodovi\u00e1rios seguiam para a Reta Tabajara, os bandidos emparelharam o carro em que estavam, um Fiat Strada, a uma Spin que pertence ao Governo do Estado. Na Spin estavam dois sargentos da PM, dois servidores do Detran e o vereador.<\/p>\n\n\n\n<p>Um dos bandidos atirou contra o motorista da Spin, mas o tiro acabou acertando o peito do vereador de S\u00e3o Jo\u00e3o do Sabugi, que estava no banco do carona. Ap\u00f3s o disparo, o condutor da Spin \u2013 que seguia para Caic\u00f3 \u2013 retornou para Natal em socorro ao vereador. Baleado, ele foi levado para o Pronto-Socorro Cl\u00f3vis Sarinho, onde foi atendido e liberado no meio da manh\u00e3.<\/p>\n\n\n\n<p>Quando os policiais chegaram ao local onde estavam ocorrendo os assaltos, os criminosos estavam prestes a abordar um caminhoneiro. O Fiat Strada foi interceptado, houve troca de tiros e os bandidos presos. A PRF informou que as armas dos assaltantes n\u00e3o foram apreendidas porque foram jogadas no mato e ainda n\u00e3o foram encontradas.<\/p>\n\n\n\n<p>Os criminosos foram reconhecidos e entregues \u00e0 Pol\u00edcia Civil, na Delegacia de Plant\u00e3o da Zona Sul de Natal.<\/p>\n\n\n\n<p>G1<\/p>\n","protected":false},"excerpt":{"rendered":"<p>Seis homens foram presos na madrugada desta sexta-feira (25) ap\u00f3s trocarem tiros com policiais rodovi\u00e1rios federais. O grupo \u00e9 suspeito de tentar assaltar motoristas que&hellip; <\/p>\n","protected":false},"author":1,"featured_media":82220,"comment_status":"closed","ping_status":"closed","sticky":false,"template":"","format":"standard","meta":{"sfsi_plus_gutenberg_text_before_share":"","sfsi_plus_gutenberg_show_text_before_share":"","sfsi_plus_gutenberg_icon_type":"","sfsi_plus_gutenberg_icon_alignemt":"","sfsi_plus_gutenburg_max_per_row":"","footnotes":""},"categories":[12],"tags":[],"class_list":["post-82219","post","type-post","status-publish","format-standard","has-post-thumbnail","hentry","category-policia"],"_links":{"self":[{"href":"https:\/\/www.caririemacao.com\/1\/wp-json\/wp\/v2\/posts\/82219","targetHints":{"allow":["GET"]}}],"collection":[{"href":"https:\/\/www.caririemacao.com\/1\/wp-json\/wp\/v2\/posts"}],"about":[{"href":"https:\/\/www.caririemacao.com\/1\/wp-json\/wp\/v2\/types\/post"}],"author":[{"embeddable":true,"href":"https:\/\/www.caririemacao.com\/1\/wp-json\/wp\/v2\/users\/1"}],"replies":[{"embeddable":true,"href":"https:\/\/www.caririemacao.com\/1\/wp-json\/wp\/v2\/comments?post=82219"}],"version-history":[{"count":1,"href":"https:\/\/www.caririemacao.com\/1\/wp-json\/wp\/v2\/posts\/82219\/revisions"}],"predecessor-version":[{"id":82221,"href":"https:\/\/www.caririemacao.com\/1\/wp-json\/wp\/v2\/posts\/82219\/revisions\/82221"}],"wp:featuredmedia":[{"embeddable":true,"href":"https:\/\/www.caririemacao.com\/1\/wp-json\/wp\/v2\/media\/82220"}],"wp:attachment":[{"href":"https:\/\/www.caririemacao.com\/1\/wp-json\/wp\/v2\/media?parent=82219"}],"wp:term":[{"taxonomy":"category","embeddable":true,"href":"https:\/\/www.caririemacao.com\/1\/wp-json\/wp\/v2\/categories?post=82219"},{"taxonomy":"post_tag","embeddable":true,"href":"https:\/\/www.caririemacao.com\/1\/wp-json\/wp\/v2\/tags?post=82219"}],"curies":[{"name":"wp","href":"https:\/\/api.w.org\/{rel}","templated":true}]}}