{"id":82222,"date":"2019-01-27T10:19:47","date_gmt":"2019-01-27T13:19:47","guid":{"rendered":"http:\/\/www.caririemacao.com\/1\/?p=82222"},"modified":"2019-01-27T10:19:49","modified_gmt":"2019-01-27T13:19:49","slug":"transposicao-dnocs-realiza-vistoria-em-acudes-do-cariri-e-sertao","status":"publish","type":"post","link":"https:\/\/www.caririemacao.com\/1\/2019\/01\/27\/transposicao-dnocs-realiza-vistoria-em-acudes-do-cariri-e-sertao\/","title":{"rendered":"Transposi\u00e7\u00e3o: DNOCS realiza vistoria em a\u00e7udes do Cariri e Sert\u00e3o"},"content":{"rendered":"\n<p>O Diretor Geral do DNOCS, Angelo Guerra,esteve realizando visitas t\u00e9cnicas as v\u00e1rias barragens localizadas no Estado da Para\u00edba. A supervis\u00e3o teve como objetivo o andamento das obras que fazem parte do Projeto de Integra\u00e7\u00e3o do Rio S\u00e3o Francisco, entre elas : Engenheiro \u00c1vidos, no munic\u00edpio de Cajazeiras; S\u00e3o Gon\u00e7alo, no munic\u00edpio de Sousa; Curema M\u00e3e d\u2019\u00c1gua, no munic\u00edpio de Corema; Po\u00e7\u00f5es, no munic\u00edpio de Monteiro; Epit\u00e1cio Pessoa , no munic\u00edpio de Boqueir\u00e3o.<\/p>\n\n\n\n<p>Sobre a barragem de Por\u00e7\u00f5es, por exemplo,&nbsp; foram conclu\u00eddos o assentamento da tubula\u00e7\u00e3o e a caixa de entrada da Torre de Tomada d\u2019\u00e1gua suplementar \u2013 TMDS. Est\u00e3o em execu\u00e7\u00e3o o alargamento do vertedouro e a casa de comando.<\/p>\n\n\n\n<p>Angelo Guerra esteve acompanhado do Diretor de Infraestrutura H\u00eddrica, Roberto Otton Massler, do coordenador Estadual do DNOCS na Para\u00edba, Alberto Gomes, do representante do Minist\u00e9rio P\u00fablico, Francisco Sagre Macedo Vieira e de t\u00e9cnicos do Departamento Nacional de Obras Contra as Secas.<\/p>\n\n\n\n<p>Em Camala\u00fa, na \u00faltima quinta-feira (24), o&nbsp; professor e vice-prefeito de Camala\u00fa, Ezequiel S\u00f3stenes, recepcionou os t\u00e9cnicos do DNOCS durante visita.<\/p>\n\n\n\n<p><strong>Blog do Bruno Lira<\/strong><\/p>\n","protected":false},"excerpt":{"rendered":"<p>O Diretor Geral do DNOCS, Angelo Guerra,esteve realizando visitas t\u00e9cnicas as v\u00e1rias barragens localizadas no Estado da Para\u00edba. A supervis\u00e3o teve como objetivo o andamento&hellip; <\/p>\n","protected":false},"author":1,"featured_media":82223,"comment_status":"closed","ping_status":"closed","sticky":false,"template":"","format":"standard","meta":{"sfsi_plus_gutenberg_text_before_share":"","sfsi_plus_gutenberg_show_text_before_share":"","sfsi_plus_gutenberg_icon_type":"","sfsi_plus_gutenberg_icon_alignemt":"","sfsi_plus_gutenburg_max_per_row":"","footnotes":""},"categories":[2],"tags":[],"class_list":["post-82222","post","type-post","status-publish","format-standard","has-post-thumbnail","hentry","category-geral"],"_links":{"self":[{"href":"https:\/\/www.caririemacao.com\/1\/wp-json\/wp\/v2\/posts\/82222","targetHints":{"allow":["GET"]}}],"collection":[{"href":"https:\/\/www.caririemacao.com\/1\/wp-json\/wp\/v2\/posts"}],"about":[{"href":"https:\/\/www.caririemacao.com\/1\/wp-json\/wp\/v2\/types\/post"}],"author":[{"embeddable":true,"href":"https:\/\/www.caririemacao.com\/1\/wp-json\/wp\/v2\/users\/1"}],"replies":[{"embeddable":true,"href":"https:\/\/www.caririemacao.com\/1\/wp-json\/wp\/v2\/comments?post=82222"}],"version-history":[{"count":1,"href":"https:\/\/www.caririemacao.com\/1\/wp-json\/wp\/v2\/posts\/82222\/revisions"}],"predecessor-version":[{"id":82224,"href":"https:\/\/www.caririemacao.com\/1\/wp-json\/wp\/v2\/posts\/82222\/revisions\/82224"}],"wp:featuredmedia":[{"embeddable":true,"href":"https:\/\/www.caririemacao.com\/1\/wp-json\/wp\/v2\/media\/82223"}],"wp:attachment":[{"href":"https:\/\/www.caririemacao.com\/1\/wp-json\/wp\/v2\/media?parent=82222"}],"wp:term":[{"taxonomy":"category","embeddable":true,"href":"https:\/\/www.caririemacao.com\/1\/wp-json\/wp\/v2\/categories?post=82222"},{"taxonomy":"post_tag","embeddable":true,"href":"https:\/\/www.caririemacao.com\/1\/wp-json\/wp\/v2\/tags?post=82222"}],"curies":[{"name":"wp","href":"https:\/\/api.w.org\/{rel}","templated":true}]}}