{"id":82225,"date":"2019-01-27T10:24:03","date_gmt":"2019-01-27T13:24:03","guid":{"rendered":"http:\/\/www.caririemacao.com\/1\/?p=82225"},"modified":"2019-01-27T10:24:08","modified_gmt":"2019-01-27T13:24:08","slug":"presidente-diz-que-vai-atuar-para-evitar-novas-tragedias","status":"publish","type":"post","link":"https:\/\/www.caririemacao.com\/1\/2019\/01\/27\/presidente-diz-que-vai-atuar-para-evitar-novas-tragedias\/","title":{"rendered":"Presidente diz que vai atuar para evitar novas trag\u00e9dias"},"content":{"rendered":"\n<p>Ap\u00f3s sobrevoar a regi\u00e3o atingida pelos rejeitos de uma barragem da mineradora Vale que se rompeu em Brumadinho (MG), o presidente Jair Bolsonaro disse que vai trabalhar para atender \u00e0s v\u00edtimas, cobrar pelos danos causados e evitar novas trag\u00e9dias.<\/p>\n\n\n\n<p>\u201cFaremos o que estiver ao nosso alcance para atender as v\u00edtimas, minimizar danos, apurar os fatos, cobrar justi\u00e7a e prevenir novas trag\u00e9dias como a de Mariana e Brumadinho\u201d, escreveu o presidente no Twitter. \u201cPara o bem dos brasileiros e do meio ambiente.\u201d<\/p>\n\n\n\n<p>Bolsonaro voltou para Bras\u00edlia depois do sobrevoo. \u201cDif\u00edcil ficar diante de todo esse cen\u00e1rio e n\u00e3o se emocionar\u201d, afirmou.<\/p>\n\n\n\n<p>O presidente tamb\u00e9m participou, na manh\u00e3 de\u00a0hoje, de uma reuni\u00e3o de trabalho com o governador de Minas Gerais, Romeu Zema (Novo), a procuradora-geral da Rep\u00fablica, Raquel Dodge, ministros e representantes da Vale. No encontro foram debatidas medidas de ajuda \u00e0s v\u00edtimas do rompimento da barragem da Mina do Feij\u00e3o.<\/p>\n\n\n\n<p><\/p>\n","protected":false},"excerpt":{"rendered":"<p>Ap\u00f3s sobrevoar a regi\u00e3o atingida pelos rejeitos de uma barragem da mineradora Vale que se rompeu em Brumadinho (MG), o presidente Jair Bolsonaro disse que&hellip; <\/p>\n","protected":false},"author":1,"featured_media":82226,"comment_status":"closed","ping_status":"closed","sticky":false,"template":"","format":"standard","meta":{"sfsi_plus_gutenberg_text_before_share":"","sfsi_plus_gutenberg_show_text_before_share":"","sfsi_plus_gutenberg_icon_type":"","sfsi_plus_gutenberg_icon_alignemt":"","sfsi_plus_gutenburg_max_per_row":"","footnotes":""},"categories":[11],"tags":[],"class_list":["post-82225","post","type-post","status-publish","format-standard","has-post-thumbnail","hentry","category-politica"],"_links":{"self":[{"href":"https:\/\/www.caririemacao.com\/1\/wp-json\/wp\/v2\/posts\/82225","targetHints":{"allow":["GET"]}}],"collection":[{"href":"https:\/\/www.caririemacao.com\/1\/wp-json\/wp\/v2\/posts"}],"about":[{"href":"https:\/\/www.caririemacao.com\/1\/wp-json\/wp\/v2\/types\/post"}],"author":[{"embeddable":true,"href":"https:\/\/www.caririemacao.com\/1\/wp-json\/wp\/v2\/users\/1"}],"replies":[{"embeddable":true,"href":"https:\/\/www.caririemacao.com\/1\/wp-json\/wp\/v2\/comments?post=82225"}],"version-history":[{"count":1,"href":"https:\/\/www.caririemacao.com\/1\/wp-json\/wp\/v2\/posts\/82225\/revisions"}],"predecessor-version":[{"id":82227,"href":"https:\/\/www.caririemacao.com\/1\/wp-json\/wp\/v2\/posts\/82225\/revisions\/82227"}],"wp:featuredmedia":[{"embeddable":true,"href":"https:\/\/www.caririemacao.com\/1\/wp-json\/wp\/v2\/media\/82226"}],"wp:attachment":[{"href":"https:\/\/www.caririemacao.com\/1\/wp-json\/wp\/v2\/media?parent=82225"}],"wp:term":[{"taxonomy":"category","embeddable":true,"href":"https:\/\/www.caririemacao.com\/1\/wp-json\/wp\/v2\/categories?post=82225"},{"taxonomy":"post_tag","embeddable":true,"href":"https:\/\/www.caririemacao.com\/1\/wp-json\/wp\/v2\/tags?post=82225"}],"curies":[{"name":"wp","href":"https:\/\/api.w.org\/{rel}","templated":true}]}}