{"id":82229,"date":"2019-01-27T10:28:18","date_gmt":"2019-01-27T13:28:18","guid":{"rendered":"http:\/\/www.caririemacao.com\/1\/?p=82229"},"modified":"2019-01-27T10:28:22","modified_gmt":"2019-01-27T13:28:22","slug":"copa-cariri-de-futsal-2019-define-chaveamento-e-confrontos-da-rodada-de-abertura-sao-definidos","status":"publish","type":"post","link":"https:\/\/www.caririemacao.com\/1\/2019\/01\/27\/copa-cariri-de-futsal-2019-define-chaveamento-e-confrontos-da-rodada-de-abertura-sao-definidos\/","title":{"rendered":"Copa Cariri de Futsal 2019 define chaveamento e confrontos da rodada de abertura s\u00e3o definidos"},"content":{"rendered":"\n<p>A coordena\u00e7\u00e3o da Copa Cariri de Futsal divulgou neste s\u00e1bado(26) na cidade de Boa Vista os nomes das agremia\u00e7\u00f5es que participar\u00e3o da d\u00e9cima segunda edi\u00e7\u00e3o do certame. Na oportunidade os grupos foram formados e os confrontos da rodada de abertura foram definidos.<\/p>\n\n\n\n<p>O congresso t\u00e9cnico foi realizado na c\u00e2mara legislativa boavistense e contou com a presen\u00e7a dos representantes das agremia\u00e7\u00f5es participantes. Para esta edi\u00e7\u00e3o, a competi\u00e7\u00e3o ter\u00e1 a presen\u00e7a de 13 equipes, sendo divididas em tr\u00eas grupos. Dois grupos contendo quatro equipes e um grupo com cinco equipes. Os grupos foram divididos por regi\u00e3o e cidades circunvizinhas.<\/p>\n\n\n\n<p>As cidades de Cabaceiras, Barra de S\u00e3o Miguel, Queimadas, Caturit\u00e9, Boa Vista, Pocinhos, Serra Branca, Gurj\u00e3o, Sum\u00e9, S\u00e3o Jos\u00e9 dos Cordeiros, S\u00e3o Sebasti\u00e3o do Umbuzeiro e Monteiro estar\u00e3o sendo representadas por grandes equipes e atletas renomados de futsal do estado da Para\u00edba.<\/p>\n\n\n\n<p>Confira os grupos e os confrontos da rodada de abertura da Copa Cariri de Futsal 2019:<\/p>\n\n\n\n<p><em>1\u00aa RODADA<\/em><\/p>\n\n\n\n<p><strong>GRUPO A<\/strong><\/p>\n\n\n\n<p>JUVENTUDE X BARRA S. MIGUEL<br>QUEIMADAS X CATURIT\u00c9<\/p>\n\n\n\n<p><strong>GRUPO B<\/strong><\/p>\n\n\n\n<p>S\u00c3O BENTO X INDEPENDENTE<br>SERRA BRANCA X CHELSEA<\/p>\n\n\n\n<p><strong>GRUPO C<\/strong><\/p>\n\n\n\n<p>PONTE PRETA X CORDEIROS<br>S. S. UMBUZEIRO X SELE\u00c7\u00c3O DE SUM\u00c9<br>MONTEIRENSE \u2013 FOLGA<\/p>\n\n\n\n<p><strong>De olho no Cariri<\/strong><br><\/p>\n","protected":false},"excerpt":{"rendered":"<p>A coordena\u00e7\u00e3o da Copa Cariri de Futsal divulgou neste s\u00e1bado(26) na cidade de Boa Vista os nomes das agremia\u00e7\u00f5es que participar\u00e3o da d\u00e9cima segunda edi\u00e7\u00e3o&hellip; <\/p>\n","protected":false},"author":1,"featured_media":82230,"comment_status":"closed","ping_status":"closed","sticky":false,"template":"","format":"standard","meta":{"sfsi_plus_gutenberg_text_before_share":"","sfsi_plus_gutenberg_show_text_before_share":"","sfsi_plus_gutenberg_icon_type":"","sfsi_plus_gutenberg_icon_alignemt":"","sfsi_plus_gutenburg_max_per_row":"","footnotes":""},"categories":[13],"tags":[],"class_list":["post-82229","post","type-post","status-publish","format-standard","has-post-thumbnail","hentry","category-esportes"],"_links":{"self":[{"href":"https:\/\/www.caririemacao.com\/1\/wp-json\/wp\/v2\/posts\/82229","targetHints":{"allow":["GET"]}}],"collection":[{"href":"https:\/\/www.caririemacao.com\/1\/wp-json\/wp\/v2\/posts"}],"about":[{"href":"https:\/\/www.caririemacao.com\/1\/wp-json\/wp\/v2\/types\/post"}],"author":[{"embeddable":true,"href":"https:\/\/www.caririemacao.com\/1\/wp-json\/wp\/v2\/users\/1"}],"replies":[{"embeddable":true,"href":"https:\/\/www.caririemacao.com\/1\/wp-json\/wp\/v2\/comments?post=82229"}],"version-history":[{"count":1,"href":"https:\/\/www.caririemacao.com\/1\/wp-json\/wp\/v2\/posts\/82229\/revisions"}],"predecessor-version":[{"id":82231,"href":"https:\/\/www.caririemacao.com\/1\/wp-json\/wp\/v2\/posts\/82229\/revisions\/82231"}],"wp:featuredmedia":[{"embeddable":true,"href":"https:\/\/www.caririemacao.com\/1\/wp-json\/wp\/v2\/media\/82230"}],"wp:attachment":[{"href":"https:\/\/www.caririemacao.com\/1\/wp-json\/wp\/v2\/media?parent=82229"}],"wp:term":[{"taxonomy":"category","embeddable":true,"href":"https:\/\/www.caririemacao.com\/1\/wp-json\/wp\/v2\/categories?post=82229"},{"taxonomy":"post_tag","embeddable":true,"href":"https:\/\/www.caririemacao.com\/1\/wp-json\/wp\/v2\/tags?post=82229"}],"curies":[{"name":"wp","href":"https:\/\/api.w.org\/{rel}","templated":true}]}}