{"id":82232,"date":"2019-01-27T10:39:39","date_gmt":"2019-01-27T13:39:39","guid":{"rendered":"http:\/\/www.caririemacao.com\/1\/?p=82232"},"modified":"2019-01-27T14:25:45","modified_gmt":"2019-01-27T17:25:45","slug":"moidos-da-redacao-esposa-de-monteirense-e-designada-para-delegacia-especializada-na-capital","status":"publish","type":"post","link":"https:\/\/www.caririemacao.com\/1\/2019\/01\/27\/moidos-da-redacao-esposa-de-monteirense-e-designada-para-delegacia-especializada-na-capital\/","title":{"rendered":"Esposa de monteirense \u00e9 designada para Delegacia Especializada na Capital"},"content":{"rendered":"\n<p><a href=\"http:\/\/www.vitrinedocariri.com.br\/\">H<\/a>O delegado geral da Para\u00edba, Isa\u00edas Gualberto, promoveu mais uma rodada de altera\u00e7\u00f5es no comando de delegacias do Estado, conforme consta do Boletim Interno da Pol\u00edcia Civil desta sexta-feira (25). <\/p>\n\n\n\n<p>Entre as mudan\u00e7as est\u00e1 \u00e0 dispensa da delegada Maria Vanderleia Gadi da Delegacia Especializada da Inf\u00e2ncia e da Juventude da Capital para coordenar a Delegacia Especializada de Crimes contra a Pessoa da Capital.<\/p>\n\n\n\n<p>Vanderleia Gadi \u00e9 esposa do jornalista e advogado Geordie Viana Filho e possui grandes la\u00e7os de amizades no Cariri Paraibano.<\/p>\n","protected":false},"excerpt":{"rendered":"<p>HO delegado geral da Para\u00edba, Isa\u00edas Gualberto, promoveu mais uma rodada de altera\u00e7\u00f5es no comando de delegacias do Estado, conforme consta do Boletim Interno da&hellip; <\/p>\n","protected":false},"author":1,"featured_media":82233,"comment_status":"closed","ping_status":"closed","sticky":false,"template":"","format":"standard","meta":{"sfsi_plus_gutenberg_text_before_share":"","sfsi_plus_gutenberg_show_text_before_share":"","sfsi_plus_gutenberg_icon_type":"","sfsi_plus_gutenberg_icon_alignemt":"","sfsi_plus_gutenburg_max_per_row":"","footnotes":""},"categories":[2],"tags":[],"class_list":["post-82232","post","type-post","status-publish","format-standard","has-post-thumbnail","hentry","category-geral"],"_links":{"self":[{"href":"https:\/\/www.caririemacao.com\/1\/wp-json\/wp\/v2\/posts\/82232","targetHints":{"allow":["GET"]}}],"collection":[{"href":"https:\/\/www.caririemacao.com\/1\/wp-json\/wp\/v2\/posts"}],"about":[{"href":"https:\/\/www.caririemacao.com\/1\/wp-json\/wp\/v2\/types\/post"}],"author":[{"embeddable":true,"href":"https:\/\/www.caririemacao.com\/1\/wp-json\/wp\/v2\/users\/1"}],"replies":[{"embeddable":true,"href":"https:\/\/www.caririemacao.com\/1\/wp-json\/wp\/v2\/comments?post=82232"}],"version-history":[{"count":3,"href":"https:\/\/www.caririemacao.com\/1\/wp-json\/wp\/v2\/posts\/82232\/revisions"}],"predecessor-version":[{"id":82251,"href":"https:\/\/www.caririemacao.com\/1\/wp-json\/wp\/v2\/posts\/82232\/revisions\/82251"}],"wp:featuredmedia":[{"embeddable":true,"href":"https:\/\/www.caririemacao.com\/1\/wp-json\/wp\/v2\/media\/82233"}],"wp:attachment":[{"href":"https:\/\/www.caririemacao.com\/1\/wp-json\/wp\/v2\/media?parent=82232"}],"wp:term":[{"taxonomy":"category","embeddable":true,"href":"https:\/\/www.caririemacao.com\/1\/wp-json\/wp\/v2\/categories?post=82232"},{"taxonomy":"post_tag","embeddable":true,"href":"https:\/\/www.caririemacao.com\/1\/wp-json\/wp\/v2\/tags?post=82232"}],"curies":[{"name":"wp","href":"https:\/\/api.w.org\/{rel}","templated":true}]}}