{"id":82237,"date":"2019-01-27T10:46:37","date_gmt":"2019-01-27T13:46:37","guid":{"rendered":"http:\/\/www.caririemacao.com\/1\/?p=82237"},"modified":"2019-01-27T10:46:40","modified_gmt":"2019-01-27T13:46:40","slug":"terminam-neste-domingo-inscricoes-para-o-sisu","status":"publish","type":"post","link":"https:\/\/www.caririemacao.com\/1\/2019\/01\/27\/terminam-neste-domingo-inscricoes-para-o-sisu\/","title":{"rendered":"Terminam neste domingo inscri\u00e7\u00f5es para o SISU"},"content":{"rendered":"\n<hr class=\"wp-block-separator\"\/>\n\n\n\n<h2 class=\"wp-block-heading\">Sisu oferece, nesta edi\u00e7\u00e3o, 235.461 vagas em 129 institui\u00e7\u00f5es p\u00fablicas de todo o pa\u00eds<\/h2>\n\n\n\n<div class=\"wp-block-image\"><figure class=\"alignleft is-resized\"><img fetchpriority=\"high\" decoding=\"async\" src=\"http:\/\/www.vitrinedocariri.com.br\/wp-content\/uploads\/2019\/01\/sisu_0-300x200.jpg\" alt=\"\" class=\"wp-image-33559\" width=\"355\" height=\"237\"\/><\/figure><\/div>\n\n\n\n<p>Termina amanh\u00e3 (27) o prazo de inscri\u00e7\u00e3o do Sistema de Sele\u00e7\u00e3o Unificada (Sisu). Os estudantes ter\u00e3o acesso ao sistema at\u00e9 as 23h59, no hor\u00e1rio de Bras\u00edlia. A inscri\u00e7\u00e3o \u00e9 feita pela<a href=\"http:\/\/sisu.mec.gov.br\/\" target=\"_blank\" rel=\"noreferrer noopener\">&nbsp;<strong>internet<\/strong><\/a>.<\/p>\n\n\n\n<p>O Sisu oferece, nesta edi\u00e7\u00e3o, 235.461 vagas em 129 institui\u00e7\u00f5es p\u00fablicas de todo o pa\u00eds. Podem concorrer \u00e0s vagas os estudantes que fizeram o Enem 2018 e obtiveram nota acima de zero na prova de reda\u00e7\u00e3o. Segundo o MEC, 3,5 milh\u00f5es de estudantes preenchem os requisitos e podem concorrer \u00e0s vagas.<\/p>\n\n\n\n<p>At\u00e9 o fim do per\u00edodo de inscri\u00e7\u00e3o, os candidatos podem mudar as op\u00e7\u00f5es de curso. Ser\u00e1 v\u00e1lida a \u00faltima op\u00e7\u00e3o confirmada.<\/p>\n\n\n\n<h2 class=\"wp-block-heading\">Nota de corte<\/h2>\n\n\n\n<p>Nesta madrugada, \u00e0 meia-noite, ser\u00e1 divulgada a \u00faltima nota de corte. A nota de corte \u00e9 uma estimativa com base nos candidatos inscritos at\u00e9 o momento. Embora n\u00e3o seja uma garantia da vaga, \u00e9 poss\u00edvel usar a informa\u00e7\u00e3o para orientar a escolha.<\/p>\n\n\n\n<p>Al\u00e9m da nota de corte, o candidato pode consultar, em seu boletim, a classifica\u00e7\u00e3o parcial na op\u00e7\u00e3o de curso escolhido. A classifica\u00e7\u00e3o parcial \u00e9 calculada a partir das notas dos candidatos inscritos na mesma op\u00e7\u00e3o. Trata-se, assim como a nota de corte, de uma refer\u00eancia e n\u00e3o de um garantia de vaga.<\/p>\n\n\n\n<p>Na hora da inscri\u00e7\u00e3o, os estudantes podem escolher at\u00e9 duas op\u00e7\u00f5es de curso, em ordem de prefer\u00eancia. A principal novidade deste ano \u00e9 que os estudantes que forem selecionados em qualquer uma das duas op\u00e7\u00f5es n\u00e3o poder\u00e3o participar da lista de espera. At\u00e9 o ano passado, aqueles que eram selecionados na segunda op\u00e7\u00e3o podiam ainda participar da lista e ter a chance de ser escolhido na primeira op\u00e7\u00e3o.<\/p>\n\n\n\n<h2 class=\"wp-block-heading\">Calend\u00e1rio<\/h2>\n\n\n\n<p>O resultado ser\u00e1 divulgado na segunda-feira (28). A matr\u00edcula dos selecionados deve ser feita de 30 de janeiro a 4 de fevereiro.<\/p>\n\n\n\n<p>Do dia 29 de janeiro ao dia 5 de fevereiro, os estudantes que n\u00e3o foram selecionados na chamada regular, em nenhuma das op\u00e7\u00f5es, podem manifestar o interesse em participar da lista de espera. Esses alunos ser\u00e3o convocados pelas pr\u00f3prias institui\u00e7\u00f5es de ensino a partir do dia 7 de fevereiro.<\/p>\n\n\n\n<p>Durante o per\u00edodo de inscri\u00e7\u00e3o, o sistema do Sisu registrou sobrecarga, o que causou lentid\u00e3o e dificultou o acesso dos estudantes. Isso fez com que o MEC adiasse o fim do prazo de inscri\u00e7\u00e3o, que terminaria na sexta-feira (25).<\/p>\n\n\n\n<p>Os candidatos podem acompanhar a inscri\u00e7\u00e3o pela internet, no site do Sisu, ou pelo aplicativo do sistema de sele\u00e7\u00e3o. Pelo app, \u00e9 poss\u00edvel ter acesso \u00e0s classifica\u00e7\u00f5es parciais e notas de corte, ver o resultado final e a lista de aprovados.<br><\/p>\n","protected":false},"excerpt":{"rendered":"<p>Sisu oferece, nesta edi\u00e7\u00e3o, 235.461 vagas em 129 institui\u00e7\u00f5es p\u00fablicas de todo o pa\u00eds Termina amanh\u00e3 (27) o prazo de inscri\u00e7\u00e3o do Sistema de Sele\u00e7\u00e3o&hellip; <\/p>\n","protected":false},"author":1,"featured_media":81963,"comment_status":"closed","ping_status":"closed","sticky":false,"template":"","format":"standard","meta":{"sfsi_plus_gutenberg_text_before_share":"","sfsi_plus_gutenberg_show_text_before_share":"","sfsi_plus_gutenberg_icon_type":"","sfsi_plus_gutenberg_icon_alignemt":"","sfsi_plus_gutenburg_max_per_row":"","footnotes":""},"categories":[14],"tags":[],"class_list":["post-82237","post","type-post","status-publish","format-standard","has-post-thumbnail","hentry","category-educacao"],"_links":{"self":[{"href":"https:\/\/www.caririemacao.com\/1\/wp-json\/wp\/v2\/posts\/82237","targetHints":{"allow":["GET"]}}],"collection":[{"href":"https:\/\/www.caririemacao.com\/1\/wp-json\/wp\/v2\/posts"}],"about":[{"href":"https:\/\/www.caririemacao.com\/1\/wp-json\/wp\/v2\/types\/post"}],"author":[{"embeddable":true,"href":"https:\/\/www.caririemacao.com\/1\/wp-json\/wp\/v2\/users\/1"}],"replies":[{"embeddable":true,"href":"https:\/\/www.caririemacao.com\/1\/wp-json\/wp\/v2\/comments?post=82237"}],"version-history":[{"count":1,"href":"https:\/\/www.caririemacao.com\/1\/wp-json\/wp\/v2\/posts\/82237\/revisions"}],"predecessor-version":[{"id":82238,"href":"https:\/\/www.caririemacao.com\/1\/wp-json\/wp\/v2\/posts\/82237\/revisions\/82238"}],"wp:featuredmedia":[{"embeddable":true,"href":"https:\/\/www.caririemacao.com\/1\/wp-json\/wp\/v2\/media\/81963"}],"wp:attachment":[{"href":"https:\/\/www.caririemacao.com\/1\/wp-json\/wp\/v2\/media?parent=82237"}],"wp:term":[{"taxonomy":"category","embeddable":true,"href":"https:\/\/www.caririemacao.com\/1\/wp-json\/wp\/v2\/categories?post=82237"},{"taxonomy":"post_tag","embeddable":true,"href":"https:\/\/www.caririemacao.com\/1\/wp-json\/wp\/v2\/tags?post=82237"}],"curies":[{"name":"wp","href":"https:\/\/api.w.org\/{rel}","templated":true}]}}