{"id":82244,"date":"2019-01-27T11:11:55","date_gmt":"2019-01-27T14:11:55","guid":{"rendered":"http:\/\/www.caririemacao.com\/1\/?p=82244"},"modified":"2019-01-27T11:11:57","modified_gmt":"2019-01-27T14:11:57","slug":"sobe-para-40-o-numero-de-mortos-em-rompimento-de-barragem-em-brumadinho","status":"publish","type":"post","link":"https:\/\/www.caririemacao.com\/1\/2019\/01\/27\/sobe-para-40-o-numero-de-mortos-em-rompimento-de-barragem-em-brumadinho\/","title":{"rendered":"Sobe para 40 o n\u00famero de mortos em rompimento de barragem, em Brumadinho"},"content":{"rendered":"\n<p>O governo de Minas informou que subiu para 40 o n\u00famero de mortos no rompimento da barragem de rejeitos da mineradora Vale no C\u00f3rrego do Feij\u00e3o, em Brumadinho (MG), sendo que oito j\u00e1 foram identificados. As buscas por sobreviventes foram suspensas \u00e0s 20h de hoje (26) e ser\u00e3o retomadas \u00e0s 4h deste domingo.<\/p>\n\n\n\n<p>At\u00e9 o momento, foram resgatadas 366 pessoas, sendo 221 funcion\u00e1rios da Vale e 145 terceirizados. Desse total, 23 est\u00e3o hospitalizados.<\/p>\n\n\n\n<p>As equipes do Corpo de Bombeiros incluem 205 integrantes, sendo 175 especializados no trabalho de resgate de v\u00edtimas de soterramento. O trabalho de monitoramento da barragem B6 continua.<\/p>\n\n\n\n<p><strong>Multa<\/strong><\/p>\n\n\n\n<p>A Secretaria Estadual de Meio Ambiente de Minas Gerais estipulou multa de R$ 99 milh\u00f5es \u00e0 empresa Vale, por responsabilidade dos danos causados pelo rompimento da barragem. Os recursos, segundo o governo mineiro, ser\u00e3o destinados aos reparos. O secret\u00e1rio de Meio Ambiente, Germano Vieira, informou que a empresa dever\u00e1 ser notificada at\u00e9 segunda-feira (28) e, a partir da\u00ed, ter\u00e1 20 dias para recorrer.<\/p>\n\n\n\n<p><strong>Luto<\/strong><\/p>\n\n\n\n<p>O governador Romeu Zema decretou luto oficial de tr\u00eas dias a contar da data do decreto que foi ontem (25). Zema voltou a agradecer o empenho de todos que colaboram neste momento de sofrimento, desde os bombeiros que vieram de outras cidades e estados, at\u00e9 as autoridades que foram a Brumadinho conferir de perto os estragos, prestar solidariedade e contribuir com medidas que ajudar\u00e3o a resolver os problemas da regi\u00e3o e dos atingidos. O governador destacou as presen\u00e7as do presidente Jair Bolsonaro &#8211; que sobrevoou hoje a regi\u00e3o -,do procurador-geral de Justi\u00e7a de Minas Gerais, Ant\u00f4nio S\u00e9rgio Tonet; da procuradora-geral da Rep\u00fablica, Raquel Dodge; do ministro do Meio Ambiente, Ricardo Salles; do ministro da Defesa, Fernando Azevedo; do Secret\u00e1rio Nacional de Defesa Civil, Alexandre Lucas Alves.<\/p>\n\n\n\n<p>CLICKPB<\/p>\n","protected":false},"excerpt":{"rendered":"<p>O governo de Minas informou que subiu para 40 o n\u00famero de mortos no rompimento da barragem de rejeitos da mineradora Vale no C\u00f3rrego do&hellip; <\/p>\n","protected":false},"author":1,"featured_media":82245,"comment_status":"closed","ping_status":"closed","sticky":false,"template":"","format":"standard","meta":{"sfsi_plus_gutenberg_text_before_share":"","sfsi_plus_gutenberg_show_text_before_share":"","sfsi_plus_gutenberg_icon_type":"","sfsi_plus_gutenberg_icon_alignemt":"","sfsi_plus_gutenburg_max_per_row":"","footnotes":""},"categories":[2],"tags":[],"class_list":["post-82244","post","type-post","status-publish","format-standard","has-post-thumbnail","hentry","category-geral"],"_links":{"self":[{"href":"https:\/\/www.caririemacao.com\/1\/wp-json\/wp\/v2\/posts\/82244","targetHints":{"allow":["GET"]}}],"collection":[{"href":"https:\/\/www.caririemacao.com\/1\/wp-json\/wp\/v2\/posts"}],"about":[{"href":"https:\/\/www.caririemacao.com\/1\/wp-json\/wp\/v2\/types\/post"}],"author":[{"embeddable":true,"href":"https:\/\/www.caririemacao.com\/1\/wp-json\/wp\/v2\/users\/1"}],"replies":[{"embeddable":true,"href":"https:\/\/www.caririemacao.com\/1\/wp-json\/wp\/v2\/comments?post=82244"}],"version-history":[{"count":1,"href":"https:\/\/www.caririemacao.com\/1\/wp-json\/wp\/v2\/posts\/82244\/revisions"}],"predecessor-version":[{"id":82246,"href":"https:\/\/www.caririemacao.com\/1\/wp-json\/wp\/v2\/posts\/82244\/revisions\/82246"}],"wp:featuredmedia":[{"embeddable":true,"href":"https:\/\/www.caririemacao.com\/1\/wp-json\/wp\/v2\/media\/82245"}],"wp:attachment":[{"href":"https:\/\/www.caririemacao.com\/1\/wp-json\/wp\/v2\/media?parent=82244"}],"wp:term":[{"taxonomy":"category","embeddable":true,"href":"https:\/\/www.caririemacao.com\/1\/wp-json\/wp\/v2\/categories?post=82244"},{"taxonomy":"post_tag","embeddable":true,"href":"https:\/\/www.caririemacao.com\/1\/wp-json\/wp\/v2\/tags?post=82244"}],"curies":[{"name":"wp","href":"https:\/\/api.w.org\/{rel}","templated":true}]}}