{"id":82248,"date":"2019-01-27T11:21:27","date_gmt":"2019-01-27T14:21:27","guid":{"rendered":"http:\/\/www.caririemacao.com\/1\/?p=82248"},"modified":"2019-01-27T11:21:30","modified_gmt":"2019-01-27T14:21:30","slug":"cnmp-pode-afastar-o-procurador-que-investiga-flavio-bolsonaro","status":"publish","type":"post","link":"https:\/\/www.caririemacao.com\/1\/2019\/01\/27\/cnmp-pode-afastar-o-procurador-que-investiga-flavio-bolsonaro\/","title":{"rendered":"CNMP pode afastar o procurador que investiga Fl\u00e1vio Bolsonaro"},"content":{"rendered":"\n<p>\u201cO Conselho Nacional do Minist\u00e9rio P\u00fablico vai analisar pedido de liminar para afastar o procurador-geral de Justi\u00e7a do Rio, Jos\u00e9 Eduardo Gussem, das investiga\u00e7\u00f5es que envolvem o senador Fl\u00e1vio Bolsonaro (PSL).&nbsp;O relator Luiz Fernando Bandeira de Mello vai pedir explica\u00e7\u00f5es ao procurador. A liminar tem como base uma fotografia que mostra o procurador conversando com o jornalista Oct\u00e1vio Guedes. Fl\u00e1vio Bolsonaro disse em entrevista que o encontro mostra de onde os dados do Coaf vazaram\u201d,&nbsp;<a href=\"https:\/\/politica.estadao.com.br\/blogs\/coluna-do-estadao\/cnmp-pode-afastar-procurador-do-caso-flavio-bolsonaro\/?utm_source=twitter:newsfeed&amp;utm_medium=social-organic&amp;utm_campaign=redes-sociais:012019:e&amp;utm_content=:::&amp;utm_term=\" target=\"_blank\" rel=\"noreferrer noopener\">informa a jornalista Andreza Matais<\/a>, no jornal Estado de S. Paulo.<\/p>\n\n\n\n<p>\u201cO pedido de liminar \u00e9 de autoria do advogado Ad\u00e3o Paiani, do Rio Grande do Sul\u201d, aponta a rep\u00f3rter. Guedes,&nbsp;do jornal O Globo, que revelou as liga\u00e7\u00f5es do gabinete de Fl\u00e1vio com a mil\u00edcia Escrit\u00f3rio do Crime.<\/p>\n\n\n\n<p><em>247<\/em><\/p>\n","protected":false},"excerpt":{"rendered":"<p>\u201cO Conselho Nacional do Minist\u00e9rio P\u00fablico vai analisar pedido de liminar para afastar o procurador-geral de Justi\u00e7a do Rio, Jos\u00e9 Eduardo Gussem, das investiga\u00e7\u00f5es que&hellip; <\/p>\n","protected":false},"author":1,"featured_media":82162,"comment_status":"closed","ping_status":"closed","sticky":false,"template":"","format":"standard","meta":{"sfsi_plus_gutenberg_text_before_share":"","sfsi_plus_gutenberg_show_text_before_share":"","sfsi_plus_gutenberg_icon_type":"","sfsi_plus_gutenberg_icon_alignemt":"","sfsi_plus_gutenburg_max_per_row":"","footnotes":""},"categories":[11],"tags":[],"class_list":["post-82248","post","type-post","status-publish","format-standard","has-post-thumbnail","hentry","category-politica"],"_links":{"self":[{"href":"https:\/\/www.caririemacao.com\/1\/wp-json\/wp\/v2\/posts\/82248","targetHints":{"allow":["GET"]}}],"collection":[{"href":"https:\/\/www.caririemacao.com\/1\/wp-json\/wp\/v2\/posts"}],"about":[{"href":"https:\/\/www.caririemacao.com\/1\/wp-json\/wp\/v2\/types\/post"}],"author":[{"embeddable":true,"href":"https:\/\/www.caririemacao.com\/1\/wp-json\/wp\/v2\/users\/1"}],"replies":[{"embeddable":true,"href":"https:\/\/www.caririemacao.com\/1\/wp-json\/wp\/v2\/comments?post=82248"}],"version-history":[{"count":1,"href":"https:\/\/www.caririemacao.com\/1\/wp-json\/wp\/v2\/posts\/82248\/revisions"}],"predecessor-version":[{"id":82249,"href":"https:\/\/www.caririemacao.com\/1\/wp-json\/wp\/v2\/posts\/82248\/revisions\/82249"}],"wp:featuredmedia":[{"embeddable":true,"href":"https:\/\/www.caririemacao.com\/1\/wp-json\/wp\/v2\/media\/82162"}],"wp:attachment":[{"href":"https:\/\/www.caririemacao.com\/1\/wp-json\/wp\/v2\/media?parent=82248"}],"wp:term":[{"taxonomy":"category","embeddable":true,"href":"https:\/\/www.caririemacao.com\/1\/wp-json\/wp\/v2\/categories?post=82248"},{"taxonomy":"post_tag","embeddable":true,"href":"https:\/\/www.caririemacao.com\/1\/wp-json\/wp\/v2\/tags?post=82248"}],"curies":[{"name":"wp","href":"https:\/\/api.w.org\/{rel}","templated":true}]}}