{"id":82257,"date":"2019-01-28T08:41:11","date_gmt":"2019-01-28T11:41:11","guid":{"rendered":"http:\/\/www.caririemacao.com\/1\/?p=82257"},"modified":"2019-01-28T08:41:17","modified_gmt":"2019-01-28T11:41:17","slug":"hacker-invade-o-portal-do-governo-da-paraiba-e-comemora-feito-no-twitter","status":"publish","type":"post","link":"https:\/\/www.caririemacao.com\/1\/2019\/01\/28\/hacker-invade-o-portal-do-governo-da-paraiba-e-comemora-feito-no-twitter\/","title":{"rendered":"Hacker invade o Portal do Governo da Para\u00edba e comemora feito no Twitter"},"content":{"rendered":"\n<p>O Portal Oficial do Governo da Para\u00edba (www.paraiba.pb.gov.br) foi invadido por hacker, na noite deste domingo (27). Ap\u00f3s o ato, o invasor identificado pelo perfil denominado \u2018Malokin_\u2019, comemorou o feito no Twitter.<\/p>\n\n\n\n<p>Ao acessar o Portal, os internautas se deparam com a p\u00e1gina com fundo negro, uma caveira de pirata e a seguinte mensagem: \u201cEstado da Para\u00edba Hackeado! ooh NOOOOOOOO !! Alimentam-se da corrup\u00e7\u00e3o, como o verme se alimenta do cad\u00e1ver. Como a larva que, se deixarmos, vira borboleta. E espalham sua filosofia v\u00e3 pelo pa\u00eds! Pelo mundo! S\u00e3o esses os nossos inimigos\u201d.<\/p>\n\n\n\n<p>Ap\u00f3s alguns minutos da invas\u00e3o, t\u00e9cnicos da Secretaria de Estado da Comunica\u00e7\u00e3o Institucional e da Companhia de Processamento de Dados da Para\u00edba (Codata) retiraram o Portal do Governo da Para\u00edba do ar.<\/p>\n\n\n\n<p>No Twitter, o hacker se vangloriava de tamb\u00e9m ter invadido outros sites institucionais, a exemplo das p\u00e1ginas eletr\u00f4nicas do Minist\u00e9rio de Desenvolvimento Agr\u00e1rio, da Prefeitura de Blumenau e da Universidade Federal do Mato Grosso. Ap\u00f3s a publica\u00e7\u00e3o sobre o site do Governo da Para\u00edba, ele apagou o perfil.<\/p>\n\n\n\n<p>PORTAL TV CARIRI<\/p>\n","protected":false},"excerpt":{"rendered":"<p>O Portal Oficial do Governo da Para\u00edba (www.paraiba.pb.gov.br) foi invadido por hacker, na noite deste domingo (27). Ap\u00f3s o ato, o invasor identificado pelo perfil&hellip; <\/p>\n","protected":false},"author":1,"featured_media":82258,"comment_status":"closed","ping_status":"closed","sticky":false,"template":"","format":"standard","meta":{"sfsi_plus_gutenberg_text_before_share":"","sfsi_plus_gutenberg_show_text_before_share":"","sfsi_plus_gutenberg_icon_type":"","sfsi_plus_gutenberg_icon_alignemt":"","sfsi_plus_gutenburg_max_per_row":"","footnotes":""},"categories":[12],"tags":[],"class_list":["post-82257","post","type-post","status-publish","format-standard","has-post-thumbnail","hentry","category-policia"],"_links":{"self":[{"href":"https:\/\/www.caririemacao.com\/1\/wp-json\/wp\/v2\/posts\/82257","targetHints":{"allow":["GET"]}}],"collection":[{"href":"https:\/\/www.caririemacao.com\/1\/wp-json\/wp\/v2\/posts"}],"about":[{"href":"https:\/\/www.caririemacao.com\/1\/wp-json\/wp\/v2\/types\/post"}],"author":[{"embeddable":true,"href":"https:\/\/www.caririemacao.com\/1\/wp-json\/wp\/v2\/users\/1"}],"replies":[{"embeddable":true,"href":"https:\/\/www.caririemacao.com\/1\/wp-json\/wp\/v2\/comments?post=82257"}],"version-history":[{"count":1,"href":"https:\/\/www.caririemacao.com\/1\/wp-json\/wp\/v2\/posts\/82257\/revisions"}],"predecessor-version":[{"id":82259,"href":"https:\/\/www.caririemacao.com\/1\/wp-json\/wp\/v2\/posts\/82257\/revisions\/82259"}],"wp:featuredmedia":[{"embeddable":true,"href":"https:\/\/www.caririemacao.com\/1\/wp-json\/wp\/v2\/media\/82258"}],"wp:attachment":[{"href":"https:\/\/www.caririemacao.com\/1\/wp-json\/wp\/v2\/media?parent=82257"}],"wp:term":[{"taxonomy":"category","embeddable":true,"href":"https:\/\/www.caririemacao.com\/1\/wp-json\/wp\/v2\/categories?post=82257"},{"taxonomy":"post_tag","embeddable":true,"href":"https:\/\/www.caririemacao.com\/1\/wp-json\/wp\/v2\/tags?post=82257"}],"curies":[{"name":"wp","href":"https:\/\/api.w.org\/{rel}","templated":true}]}}