{"id":82260,"date":"2019-01-28T08:53:45","date_gmt":"2019-01-28T11:53:45","guid":{"rendered":"http:\/\/www.caririemacao.com\/1\/?p=82260"},"modified":"2019-01-28T08:53:51","modified_gmt":"2019-01-28T11:53:51","slug":"dois-homens-sao-presos-apos-praticarem-assaltos-em-monteiro-e-no-pernambuco","status":"publish","type":"post","link":"https:\/\/www.caririemacao.com\/1\/2019\/01\/28\/dois-homens-sao-presos-apos-praticarem-assaltos-em-monteiro-e-no-pernambuco\/","title":{"rendered":"Dois homens s\u00e3o presos ap\u00f3s praticarem assaltos em Monteiro e no Pernambuco"},"content":{"rendered":"\n<p>Na noite deste s\u00e1bado(26) foram presos dois elementos na cidade de Monteiro, cariri paraibano,&nbsp; por praticarem diversos&nbsp; assaltos e pelas caracter\u00edsticas de suas a\u00e7\u00f5es, ou seja, pelo modus operandi, a pol\u00edcia acredita que eles podem est\u00e1 envolvidos nos assaltos ocorridos em Sert\u00e2nia e em Monteiro, onde foram tomadas duas motos, pois foram reconhecidos por uma das v\u00edtimas que teve sua moto levada por eles aqui em Sert\u00e2nia.<\/p>\n\n\n\n<p>Os elementos s\u00e3o ALEXANDRO DA SILVA e FELIPE HENRIQUE, ambos foram reconhecidos por uma das v\u00edtimas. Segundo a pol\u00edcia eles sa\u00edam de Monteiro para praticarem todo tipo de roubo em Sert\u00e2nia.<\/p>\n\n\n\n<p>Se voc\u00ea foi v\u00edtima de algum assalto por uma dupla em uma moto, dirija-se a Delegacia de pol\u00edcia da cidade de Monteiro para fazer o reconhecimento e assim ajudar a pol\u00edcia e a pr\u00f3pria justi\u00e7a para que estes elementos permane\u00e7am mais tempo na cadeia.<\/p>\n\n\n\n<p>De parab\u00e9ns os policiais da vizinha cidade paraibana de Monteiro por este brilhante trabalho. Talvez a onda de assalto diminua em Sert\u00e2nia.<\/p>\n\n\n\n<p>VITRINE DO CARIRI<\/p>\n","protected":false},"excerpt":{"rendered":"<p>Na noite deste s\u00e1bado(26) foram presos dois elementos na cidade de Monteiro, cariri paraibano,&nbsp; por praticarem diversos&nbsp; assaltos e pelas caracter\u00edsticas de suas a\u00e7\u00f5es, ou&hellip; <\/p>\n","protected":false},"author":1,"featured_media":82261,"comment_status":"closed","ping_status":"closed","sticky":false,"template":"","format":"standard","meta":{"sfsi_plus_gutenberg_text_before_share":"","sfsi_plus_gutenberg_show_text_before_share":"","sfsi_plus_gutenberg_icon_type":"","sfsi_plus_gutenberg_icon_alignemt":"","sfsi_plus_gutenburg_max_per_row":"","footnotes":""},"categories":[12],"tags":[],"class_list":["post-82260","post","type-post","status-publish","format-standard","has-post-thumbnail","hentry","category-policia"],"_links":{"self":[{"href":"https:\/\/www.caririemacao.com\/1\/wp-json\/wp\/v2\/posts\/82260","targetHints":{"allow":["GET"]}}],"collection":[{"href":"https:\/\/www.caririemacao.com\/1\/wp-json\/wp\/v2\/posts"}],"about":[{"href":"https:\/\/www.caririemacao.com\/1\/wp-json\/wp\/v2\/types\/post"}],"author":[{"embeddable":true,"href":"https:\/\/www.caririemacao.com\/1\/wp-json\/wp\/v2\/users\/1"}],"replies":[{"embeddable":true,"href":"https:\/\/www.caririemacao.com\/1\/wp-json\/wp\/v2\/comments?post=82260"}],"version-history":[{"count":1,"href":"https:\/\/www.caririemacao.com\/1\/wp-json\/wp\/v2\/posts\/82260\/revisions"}],"predecessor-version":[{"id":82262,"href":"https:\/\/www.caririemacao.com\/1\/wp-json\/wp\/v2\/posts\/82260\/revisions\/82262"}],"wp:featuredmedia":[{"embeddable":true,"href":"https:\/\/www.caririemacao.com\/1\/wp-json\/wp\/v2\/media\/82261"}],"wp:attachment":[{"href":"https:\/\/www.caririemacao.com\/1\/wp-json\/wp\/v2\/media?parent=82260"}],"wp:term":[{"taxonomy":"category","embeddable":true,"href":"https:\/\/www.caririemacao.com\/1\/wp-json\/wp\/v2\/categories?post=82260"},{"taxonomy":"post_tag","embeddable":true,"href":"https:\/\/www.caririemacao.com\/1\/wp-json\/wp\/v2\/tags?post=82260"}],"curies":[{"name":"wp","href":"https:\/\/api.w.org\/{rel}","templated":true}]}}