{"id":82266,"date":"2019-01-28T13:01:04","date_gmt":"2019-01-28T16:01:04","guid":{"rendered":"http:\/\/www.caririemacao.com\/1\/?p=82266"},"modified":"2019-01-28T13:01:08","modified_gmt":"2019-01-28T16:01:08","slug":"cirurgia-de-bolsonaro-vai-alem-do-esperado-e-ja-dura-mais-de-seis-horas","status":"publish","type":"post","link":"https:\/\/www.caririemacao.com\/1\/2019\/01\/28\/cirurgia-de-bolsonaro-vai-alem-do-esperado-e-ja-dura-mais-de-seis-horas\/","title":{"rendered":"Cirurgia de Bolsonaro vai al\u00e9m do esperado e j\u00e1 dura mais de seis horas"},"content":{"rendered":"\n<p>Jair Bolsonaro (PSL) est\u00e1 sendo operado desde as primeiras horas desta segunda-feira (28), no Hospital Albert Einstein, em S\u00e3o Paulo. O presidente foi internado para&nbsp;retirada da bolsa de colostomia&nbsp;e reconstru\u00e7\u00e3o do intestino. O procedimento consiste em abrir o abdome e religar as duas pontas do intestino grosso, hoje separadas.<\/p>\n\n\n\n<p>Segundo o cirurgi\u00e3o Ant\u00f4nio Luiz Macedo, que o acompanha, o procedimento ser\u00e1 feito sob anestesia geral e deve levar cerca de tr\u00eas horas. No entanto, a opera\u00e7\u00e3o j\u00e1 dura mais de seis horas.<\/p>\n\n\n\n<p>Al\u00e9m de Macedo, oito profissionais participam do procedimento: dois cirurgi\u00f5es auxiliares, uma instrumentadora, dois anestesistas, uma enfermeira e dois t\u00e9cnicos de enfermagem.<\/p>\n\n\n\n<p><br><em>WSCOM<\/em><\/p>\n","protected":false},"excerpt":{"rendered":"<p>Jair Bolsonaro (PSL) est\u00e1 sendo operado desde as primeiras horas desta segunda-feira (28), no Hospital Albert Einstein, em S\u00e3o Paulo. O presidente foi internado para&nbsp;retirada&hellip; <\/p>\n","protected":false},"author":1,"featured_media":80566,"comment_status":"closed","ping_status":"closed","sticky":false,"template":"","format":"standard","meta":{"sfsi_plus_gutenberg_text_before_share":"","sfsi_plus_gutenberg_show_text_before_share":"","sfsi_plus_gutenberg_icon_type":"","sfsi_plus_gutenberg_icon_alignemt":"","sfsi_plus_gutenburg_max_per_row":"","footnotes":""},"categories":[11],"tags":[],"class_list":["post-82266","post","type-post","status-publish","format-standard","has-post-thumbnail","hentry","category-politica"],"_links":{"self":[{"href":"https:\/\/www.caririemacao.com\/1\/wp-json\/wp\/v2\/posts\/82266","targetHints":{"allow":["GET"]}}],"collection":[{"href":"https:\/\/www.caririemacao.com\/1\/wp-json\/wp\/v2\/posts"}],"about":[{"href":"https:\/\/www.caririemacao.com\/1\/wp-json\/wp\/v2\/types\/post"}],"author":[{"embeddable":true,"href":"https:\/\/www.caririemacao.com\/1\/wp-json\/wp\/v2\/users\/1"}],"replies":[{"embeddable":true,"href":"https:\/\/www.caririemacao.com\/1\/wp-json\/wp\/v2\/comments?post=82266"}],"version-history":[{"count":1,"href":"https:\/\/www.caririemacao.com\/1\/wp-json\/wp\/v2\/posts\/82266\/revisions"}],"predecessor-version":[{"id":82268,"href":"https:\/\/www.caririemacao.com\/1\/wp-json\/wp\/v2\/posts\/82266\/revisions\/82268"}],"wp:featuredmedia":[{"embeddable":true,"href":"https:\/\/www.caririemacao.com\/1\/wp-json\/wp\/v2\/media\/80566"}],"wp:attachment":[{"href":"https:\/\/www.caririemacao.com\/1\/wp-json\/wp\/v2\/media?parent=82266"}],"wp:term":[{"taxonomy":"category","embeddable":true,"href":"https:\/\/www.caririemacao.com\/1\/wp-json\/wp\/v2\/categories?post=82266"},{"taxonomy":"post_tag","embeddable":true,"href":"https:\/\/www.caririemacao.com\/1\/wp-json\/wp\/v2\/tags?post=82266"}],"curies":[{"name":"wp","href":"https:\/\/api.w.org\/{rel}","templated":true}]}}