{"id":82269,"date":"2019-01-28T13:10:59","date_gmt":"2019-01-28T16:10:59","guid":{"rendered":"http:\/\/www.caririemacao.com\/1\/?p=82269"},"modified":"2019-01-28T13:16:11","modified_gmt":"2019-01-28T16:16:11","slug":"serrabranquense-e-a-ganhadora-do-sorteio-da-moveletro","status":"publish","type":"post","link":"https:\/\/www.caririemacao.com\/1\/2019\/01\/28\/serrabranquense-e-a-ganhadora-do-sorteio-da-moveletro\/","title":{"rendered":"Serrabranquense \u00e9 a ganhadora do sorteio da Moveletro"},"content":{"rendered":"\n<p>As Lojas Moveletro sorteou na manh\u00e3 desta segunda-feira, dia 28, na cidade de Sum\u00e9, um carro Mobi da Promo\u00e7\u00e3o \u201cEu quero um Mobi\u201d.<\/p>\n\n\n\n<figure class=\"wp-block-image\"><img fetchpriority=\"high\" decoding=\"async\" width=\"1024\" height=\"678\" src=\"http:\/\/www.caririemacao.com\/1\/wp-content\/uploads\/2019\/01\/WhatsApp-Image-2019-01-28-at-14.12.49-1024x678.jpeg\" alt=\"\" class=\"wp-image-82275\" srcset=\"https:\/\/www.caririemacao.com\/1\/wp-content\/uploads\/2019\/01\/WhatsApp-Image-2019-01-28-at-14.12.49-1024x678.jpeg 1024w, https:\/\/www.caririemacao.com\/1\/wp-content\/uploads\/2019\/01\/WhatsApp-Image-2019-01-28-at-14.12.49-300x199.jpeg 300w, https:\/\/www.caririemacao.com\/1\/wp-content\/uploads\/2019\/01\/WhatsApp-Image-2019-01-28-at-14.12.49-768x508.jpeg 768w, https:\/\/www.caririemacao.com\/1\/wp-content\/uploads\/2019\/01\/WhatsApp-Image-2019-01-28-at-14.12.49.jpeg 1280w\" sizes=\"(max-width: 1024px) 100vw, 1024px\" \/><\/figure>\n\n\n\n<p>O sorteio teve a presen\u00e7a do empres\u00e1rio Ronaldo Chaves e de representantes de todas as lojas da Moveletro, al\u00e9m de centenas de clientes que foram acompanhar o sorteio. <\/p>\n\n\n\n<p>A grande ganhadora foi a serrabranquense Divaneide Vilarim Feitosa. Ela vai receber seu ve\u00edculo nestes pr\u00f3ximos dias com uma grande festa. <\/p>\n","protected":false},"excerpt":{"rendered":"<p>As Lojas Moveletro sorteou na manh\u00e3 desta segunda-feira, dia 28, na cidade de Sum\u00e9, um carro Mobi da Promo\u00e7\u00e3o \u201cEu quero um Mobi\u201d. O sorteio&hellip; <\/p>\n","protected":false},"author":2,"featured_media":82270,"comment_status":"closed","ping_status":"closed","sticky":false,"template":"","format":"standard","meta":{"sfsi_plus_gutenberg_text_before_share":"","sfsi_plus_gutenberg_show_text_before_share":"","sfsi_plus_gutenberg_icon_type":"","sfsi_plus_gutenberg_icon_alignemt":"","sfsi_plus_gutenburg_max_per_row":"","footnotes":""},"categories":[2],"tags":[],"class_list":["post-82269","post","type-post","status-publish","format-standard","has-post-thumbnail","hentry","category-geral"],"_links":{"self":[{"href":"https:\/\/www.caririemacao.com\/1\/wp-json\/wp\/v2\/posts\/82269","targetHints":{"allow":["GET"]}}],"collection":[{"href":"https:\/\/www.caririemacao.com\/1\/wp-json\/wp\/v2\/posts"}],"about":[{"href":"https:\/\/www.caririemacao.com\/1\/wp-json\/wp\/v2\/types\/post"}],"author":[{"embeddable":true,"href":"https:\/\/www.caririemacao.com\/1\/wp-json\/wp\/v2\/users\/2"}],"replies":[{"embeddable":true,"href":"https:\/\/www.caririemacao.com\/1\/wp-json\/wp\/v2\/comments?post=82269"}],"version-history":[{"count":3,"href":"https:\/\/www.caririemacao.com\/1\/wp-json\/wp\/v2\/posts\/82269\/revisions"}],"predecessor-version":[{"id":82276,"href":"https:\/\/www.caririemacao.com\/1\/wp-json\/wp\/v2\/posts\/82269\/revisions\/82276"}],"wp:featuredmedia":[{"embeddable":true,"href":"https:\/\/www.caririemacao.com\/1\/wp-json\/wp\/v2\/media\/82270"}],"wp:attachment":[{"href":"https:\/\/www.caririemacao.com\/1\/wp-json\/wp\/v2\/media?parent=82269"}],"wp:term":[{"taxonomy":"category","embeddable":true,"href":"https:\/\/www.caririemacao.com\/1\/wp-json\/wp\/v2\/categories?post=82269"},{"taxonomy":"post_tag","embeddable":true,"href":"https:\/\/www.caririemacao.com\/1\/wp-json\/wp\/v2\/tags?post=82269"}],"curies":[{"name":"wp","href":"https:\/\/api.w.org\/{rel}","templated":true}]}}