{"id":82277,"date":"2019-01-28T16:10:51","date_gmt":"2019-01-28T19:10:51","guid":{"rendered":"http:\/\/www.caririemacao.com\/1\/?p=82277"},"modified":"2019-01-28T16:10:53","modified_gmt":"2019-01-28T19:10:53","slug":"ifpb-comecam-nesta-terca-inscricoes-do-concurso-publico-para-tecnico-administrativo","status":"publish","type":"post","link":"https:\/\/www.caririemacao.com\/1\/2019\/01\/28\/ifpb-comecam-nesta-terca-inscricoes-do-concurso-publico-para-tecnico-administrativo\/","title":{"rendered":"IFPB: come\u00e7am nesta ter\u00e7a inscri\u00e7\u00f5es do concurso p\u00fablico para t\u00e9cnico-administrativo"},"content":{"rendered":"\n<p>Confira os Editais para T\u00e9cnico-Administrativo, Tradutor e Int\u00e9rprete de Libras e Docente<\/p>\n\n\n\n<p>Come\u00e7am nesta ter\u00e7a-feira (29) as inscri\u00e7\u00f5es do Concurso P\u00fablico do Instituto Federal da Para\u00edba para o preenchimento de cargos da carreira de T\u00e9cnico-Administrativo em Educa\u00e7\u00e3o nos n\u00edveis C, D e E e de Tradutor e Int\u00e9rprete de Libras. Os candidatos t\u00eam at\u00e9 o dia 25 de fevereiro para efetuarem suas inscri\u00e7\u00f5es.<\/p>\n\n\n\n<p>Confira&nbsp;<a href=\"https:\/\/www.ifpb.edu.br\/concursopublico\/tecnico-administrativo\/vigentes\/edital-147-2018-concurso-publico-tecnico-administrativo\"><strong>o edital 147\/2018<\/strong><\/a>&nbsp;retificado (T\u00e9cnico-Administrativo).<\/p>\n\n\n\n<p>Confira&nbsp;<a href=\"https:\/\/www.ifpb.edu.br\/concursopublico\/tecnico-administrativo\/vigentes\/edital-149-2018-concurso-publico-tradutor-e-inteprete\"><strong>o edital 149\/2018<\/strong><\/a>&nbsp;retificado (Tradutor e Int\u00e9rprete de Libras).<\/p>\n\n\n\n<p>O ambiente das inscri\u00e7\u00f5es tamb\u00e9m est\u00e1 dispon\u00edvel no site&nbsp;<a href=\"https:\/\/concursos.ifpb.edu.br\/\" target=\"_blank\" rel=\"noreferrer noopener\"><strong>concursos.ifpb.edu.br<\/strong><\/a><\/p>\n\n\n\n<p>Inicialmente o candidato precisa informar um e-mail e cadastrar uma senha. Depois de confirmar o e-mail cadastrado o candidato \u00e9 direcionado a um ambiente onde vai informar os dados pessoais, para s\u00f3 depois efetuar sua inscri\u00e7\u00e3o.<\/p>\n\n\n\n<p>\u00c9 poss\u00edvel solicitar isen\u00e7\u00e3o da taxa de inscri\u00e7\u00e3o no per\u00edodo de 29 a 31 de janeiro. As provas para T\u00e9cnico-Administrativo acontecer\u00e3o no dia 31 de mar\u00e7o, o resultado preliminar do concurso ser\u00e1 conhecido no dia 12 de junho e o resultado final, no dia 03 de julho.<\/p>\n\n\n\n<p><strong>Concurso para Docente<\/strong><\/p>\n\n\n\n<p>Para o cargo de Professor de Ensino B\u00e1sico, T\u00e9cnico e Tecnol\u00f3gico as inscri\u00e7\u00f5es ser\u00e3o feitas no per\u00edodo de 06 de fevereiro a 07 de mar\u00e7o. Ser\u00e1 poss\u00edvel pedir isen\u00e7\u00e3o da taxa de inscri\u00e7\u00e3o entre os dias 6 e 8 de fevereiro. As provas escritas acontecer\u00e3o no dia 02 de junho. As provas de desempenho est\u00e3o marcadas para o per\u00edodo de 19 de julho a 12 de agosto e acontecer\u00e3o nas cidades de Cabedelo, Cajazeiras, Campina Grande, Jo\u00e3o Pessoa, Patos e Sousa. O resultado final do concurso ser\u00e1 divulgado no dia 22 de novembro.<\/p>\n\n\n\n<p>Confira&nbsp;<a href=\"https:\/\/www.ifpb.edu.br\/concursopublico\/professor\/vigentes\/edital-148-2018-concurso-publico-para-professor\"><strong>o edital 148\/2018<\/strong><\/a>&nbsp;retificado (Professor).<\/p>\n\n\n\n<p>Segundo a Comiss\u00e3o Permanente de Concursos P\u00fablicos do IFPB (Compec) o conte\u00fado program\u00e1tico para a prova objetiva e os temas para a prova de desempenho para Docente ser\u00e3o divulgados at\u00e9 o dia 05 de fevereiro.<\/p>\n\n\n\n<p>Est\u00e3o sendo disponibilizadas 90 vagas para o cargo de professor EBTT e 38 para os cargos t\u00e9cnico-administrativos.&nbsp;O Instituto Federal da Para\u00edba possui, atualmente, mais de 20 unidades espalhadas em todo o Estado. O sal\u00e1rio inicial da carreira de professor no IFPB \u00e9 de R$ 4.463,93, mas varia de acordo com&nbsp;a titula\u00e7\u00e3o apresentada pelo candidato no momento de sua nomea\u00e7\u00e3o. Para os t\u00e9cnico-administrativos, os sal\u00e1rios iniciais correspondem a R$ 1.945,07 (n\u00edvel C), R$&nbsp;2.446,96 (n\u00edvel D) e R$&nbsp;4.180,66 (n\u00edvel E).<\/p>\n","protected":false},"excerpt":{"rendered":"<p>Confira os Editais para T\u00e9cnico-Administrativo, Tradutor e Int\u00e9rprete de Libras e Docente Come\u00e7am nesta ter\u00e7a-feira (29) as inscri\u00e7\u00f5es do Concurso P\u00fablico do Instituto Federal da&hellip; <\/p>\n","protected":false},"author":1,"featured_media":69253,"comment_status":"closed","ping_status":"closed","sticky":false,"template":"","format":"standard","meta":{"sfsi_plus_gutenberg_text_before_share":"","sfsi_plus_gutenberg_show_text_before_share":"","sfsi_plus_gutenberg_icon_type":"","sfsi_plus_gutenberg_icon_alignemt":"","sfsi_plus_gutenburg_max_per_row":"","footnotes":""},"categories":[14],"tags":[],"class_list":["post-82277","post","type-post","status-publish","format-standard","has-post-thumbnail","hentry","category-educacao"],"_links":{"self":[{"href":"https:\/\/www.caririemacao.com\/1\/wp-json\/wp\/v2\/posts\/82277","targetHints":{"allow":["GET"]}}],"collection":[{"href":"https:\/\/www.caririemacao.com\/1\/wp-json\/wp\/v2\/posts"}],"about":[{"href":"https:\/\/www.caririemacao.com\/1\/wp-json\/wp\/v2\/types\/post"}],"author":[{"embeddable":true,"href":"https:\/\/www.caririemacao.com\/1\/wp-json\/wp\/v2\/users\/1"}],"replies":[{"embeddable":true,"href":"https:\/\/www.caririemacao.com\/1\/wp-json\/wp\/v2\/comments?post=82277"}],"version-history":[{"count":1,"href":"https:\/\/www.caririemacao.com\/1\/wp-json\/wp\/v2\/posts\/82277\/revisions"}],"predecessor-version":[{"id":82278,"href":"https:\/\/www.caririemacao.com\/1\/wp-json\/wp\/v2\/posts\/82277\/revisions\/82278"}],"wp:featuredmedia":[{"embeddable":true,"href":"https:\/\/www.caririemacao.com\/1\/wp-json\/wp\/v2\/media\/69253"}],"wp:attachment":[{"href":"https:\/\/www.caririemacao.com\/1\/wp-json\/wp\/v2\/media?parent=82277"}],"wp:term":[{"taxonomy":"category","embeddable":true,"href":"https:\/\/www.caririemacao.com\/1\/wp-json\/wp\/v2\/categories?post=82277"},{"taxonomy":"post_tag","embeddable":true,"href":"https:\/\/www.caririemacao.com\/1\/wp-json\/wp\/v2\/tags?post=82277"}],"curies":[{"name":"wp","href":"https:\/\/api.w.org\/{rel}","templated":true}]}}