{"id":82279,"date":"2019-01-28T16:14:05","date_gmt":"2019-01-28T19:14:05","guid":{"rendered":"http:\/\/www.caririemacao.com\/1\/?p=82279"},"modified":"2019-01-28T16:14:08","modified_gmt":"2019-01-28T19:14:08","slug":"monteiro-tem-final-de-semana-movimentado-com-eventos-sociais-culturais-e-esportes","status":"publish","type":"post","link":"https:\/\/www.caririemacao.com\/1\/2019\/01\/28\/monteiro-tem-final-de-semana-movimentado-com-eventos-sociais-culturais-e-esportes\/","title":{"rendered":"Monteiro tem final de semana movimentado com eventos sociais, culturais e esportes"},"content":{"rendered":"\n<p>A cidade de Monteiro recebeu diversos eventos neste final de semana, dentre eles destacam-se os eventos das Secretarias de Desenvolvimento Social, Cultura e Esporte.<\/p>\n\n\n\n<p>A \u201cDespedida das F\u00e9rias\u201d, organizada pela equipe da Secretaria de Desenvolvimento Social, levou uma multid\u00e3o de crian\u00e7as, papais e mam\u00e3es \u00e0 Pra\u00e7a Jo\u00e3o Pessoa, que puderam prestigiar um grande evento com m\u00fasica e atra\u00e7\u00e3o do Suzana Circo Show que fez o p\u00fablico rir com truques de m\u00e1gica, palha\u00e7os e brincadeiras, al\u00e9m da distribui\u00e7\u00e3o de pipoca, deixando os pequenos bastante felizes.<\/p>\n\n\n\n<div class=\"wp-block-image\"><figure class=\"alignright\"><img decoding=\"async\" data-src=\"http:\/\/www.vitrinedocariri.com.br\/wp-content\/uploads\/2019\/01\/Despedida-das-F%C3%A9rias22-300x200.jpg\" alt=\"\" class=\"wp-image-33919 lazyload\" src=\"data:image\/svg+xml;base64,PHN2ZyB3aWR0aD0iMSIgaGVpZ2h0PSIxIiB4bWxucz0iaHR0cDovL3d3dy53My5vcmcvMjAwMC9zdmciPjwvc3ZnPg==\" style=\"--smush-placeholder-width: 300px; --smush-placeholder-aspect-ratio: 300\/200;\" \/><\/figure><\/div>\n\n\n\n<p>Na \u00e1rea da Cultura e Turismo, houve o espet\u00e1culo De Jo\u00e3o para Jo\u00e3o, que atrav\u00e9s de um espet\u00e1culo dram\u00e1tico, com pitadas de humor, e um di\u00e1logo carregado de emo\u00e7\u00e3o e refer\u00eancias hist\u00f3ricas, abordou os \u00faltimos instantes do presidente Jo\u00e3o Pessoa, no momento do seu assassinato. A encena\u00e7\u00e3o foi ovacionada e muito bem avaliada pelo p\u00fablico presente no Teatro Jansen Filho.<\/p>\n\n\n\n<div class=\"wp-block-image\"><figure class=\"alignleft\"><img decoding=\"async\" data-src=\"http:\/\/www.vitrinedocariri.com.br\/wp-content\/uploads\/2019\/01\/O-Bezerr%C3%A3o7-300x200.jpg\" alt=\"\" class=\"wp-image-33917 lazyload\" src=\"data:image\/svg+xml;base64,PHN2ZyB3aWR0aD0iMSIgaGVpZ2h0PSIxIiB4bWxucz0iaHR0cDovL3d3dy53My5vcmcvMjAwMC9zdmciPjwvc3ZnPg==\" style=\"--smush-placeholder-width: 300px; --smush-placeholder-aspect-ratio: 300\/200;\" \/><\/figure><\/div>\n\n\n\n<p>J\u00e1 neste domingo, 27, o protagonista foi o esporte rural com a disputa do t\u00edtulo de campe\u00e3o na partida de inaugura\u00e7\u00e3o do Est\u00e1dio O Bezerr\u00e3o na comunidade de Barreiros. O jogo foi prestigiado com a presen\u00e7a do vice-prefeito Celecileno Alves, e diversos secret\u00e1rios, al\u00e9m da equipe da Secretaria Municipal de Esportes.<\/p>\n\n\n\n<div class=\"wp-block-image\"><figure class=\"alignright\"><img decoding=\"async\" data-src=\"http:\/\/www.vitrinedocariri.com.br\/wp-content\/uploads\/2019\/01\/O-Bezerr%C3%A3o1-300x200.jpg\" alt=\"\" class=\"wp-image-33916 lazyload\" src=\"data:image\/svg+xml;base64,PHN2ZyB3aWR0aD0iMSIgaGVpZ2h0PSIxIiB4bWxucz0iaHR0cDovL3d3dy53My5vcmcvMjAwMC9zdmciPjwvc3ZnPg==\" style=\"--smush-placeholder-width: 300px; --smush-placeholder-aspect-ratio: 300\/200;\" \/><\/figure><\/div>\n\n\n\n<p>No jogo sagrou-se campe\u00e3 a equipe do Flamengo da Vila da Santa Maria que marcou duas vezes contra a vice-campe\u00e3, a equipe dos Barreiros, que n\u00e3o marcou na partida. Como melhor goleiro, recebeu o pr\u00eamio&nbsp;Valdeir da equipe dos Barreiros, melhor jogador Bore da equipe do Flamengo, a premia\u00e7\u00e3o de artilheiro foi para Torin da equipe do Flamengo que balan\u00e7ou as redes com 4 gols.<\/p>\n\n\n\n<p>Para a prefeita Anna Lorena, \u00e9 de suma import\u00e2ncia oferecer e apoiar eventos de entretenimento para a popula\u00e7\u00e3o, seja como forma de confraterniza\u00e7\u00e3o entre a popula\u00e7\u00e3o e o governo, como para incentivar a popula\u00e7\u00e3o a conhecer a pr\u00f3pria hist\u00f3ria. \u201cTodos os meses oferecemos servi\u00e7os, espet\u00e1culos e uma gama de outras atividades direcionados a popula\u00e7\u00e3o de todas as faixas et\u00e1rias. \u00c9 uma forma de distra\u00e7\u00e3o da luta di\u00e1ria e fonte de cultura e lazer\u201d.<\/p>\n","protected":false},"excerpt":{"rendered":"<p>A cidade de Monteiro recebeu diversos eventos neste final de semana, dentre eles destacam-se os eventos das Secretarias de Desenvolvimento Social, Cultura e Esporte. A&hellip; <\/p>\n","protected":false},"author":1,"featured_media":82280,"comment_status":"closed","ping_status":"closed","sticky":false,"template":"","format":"standard","meta":{"sfsi_plus_gutenberg_text_before_share":"","sfsi_plus_gutenberg_show_text_before_share":"","sfsi_plus_gutenberg_icon_type":"","sfsi_plus_gutenberg_icon_alignemt":"","sfsi_plus_gutenburg_max_per_row":"","footnotes":""},"categories":[6],"tags":[],"class_list":["post-82279","post","type-post","status-publish","format-standard","has-post-thumbnail","hentry","category-cidades"],"_links":{"self":[{"href":"https:\/\/www.caririemacao.com\/1\/wp-json\/wp\/v2\/posts\/82279","targetHints":{"allow":["GET"]}}],"collection":[{"href":"https:\/\/www.caririemacao.com\/1\/wp-json\/wp\/v2\/posts"}],"about":[{"href":"https:\/\/www.caririemacao.com\/1\/wp-json\/wp\/v2\/types\/post"}],"author":[{"embeddable":true,"href":"https:\/\/www.caririemacao.com\/1\/wp-json\/wp\/v2\/users\/1"}],"replies":[{"embeddable":true,"href":"https:\/\/www.caririemacao.com\/1\/wp-json\/wp\/v2\/comments?post=82279"}],"version-history":[{"count":1,"href":"https:\/\/www.caririemacao.com\/1\/wp-json\/wp\/v2\/posts\/82279\/revisions"}],"predecessor-version":[{"id":82281,"href":"https:\/\/www.caririemacao.com\/1\/wp-json\/wp\/v2\/posts\/82279\/revisions\/82281"}],"wp:featuredmedia":[{"embeddable":true,"href":"https:\/\/www.caririemacao.com\/1\/wp-json\/wp\/v2\/media\/82280"}],"wp:attachment":[{"href":"https:\/\/www.caririemacao.com\/1\/wp-json\/wp\/v2\/media?parent=82279"}],"wp:term":[{"taxonomy":"category","embeddable":true,"href":"https:\/\/www.caririemacao.com\/1\/wp-json\/wp\/v2\/categories?post=82279"},{"taxonomy":"post_tag","embeddable":true,"href":"https:\/\/www.caririemacao.com\/1\/wp-json\/wp\/v2\/tags?post=82279"}],"curies":[{"name":"wp","href":"https:\/\/api.w.org\/{rel}","templated":true}]}}