{"id":82291,"date":"2019-01-28T19:19:09","date_gmt":"2019-01-28T22:19:09","guid":{"rendered":"http:\/\/www.caririemacao.com\/1\/?p=82291"},"modified":"2019-01-28T19:19:13","modified_gmt":"2019-01-28T22:19:13","slug":"secretaria-de-educacao-de-sume-inscreve-para-processo-seletivo-de-contratacao-temporaria","status":"publish","type":"post","link":"https:\/\/www.caririemacao.com\/1\/2019\/01\/28\/secretaria-de-educacao-de-sume-inscreve-para-processo-seletivo-de-contratacao-temporaria\/","title":{"rendered":"Secretaria de Educa\u00e7\u00e3o de Sum\u00e9 inscreve para processo seletivo de contrata\u00e7\u00e3o tempor\u00e1ria"},"content":{"rendered":"\n<p>A Secretaria de Educa\u00e7\u00e3o de Sum\u00e9 est\u00e1 com inscri\u00e7\u00f5es abertas para o Processo Seletivo de contrata\u00e7\u00e3o tempor\u00e1ria em car\u00e1ter excepcional de profissional habilitado para os cargos de professor dos anos finais do Ensino Fundamental para atuar no Programa de Corre\u00e7\u00e3o de Fluxo para alunos com problemas de distor\u00e7\u00e3o idade\/s\u00e9rie, o EDUCARE.<\/p>\n\n\n\n<p>O processo de sele\u00e7\u00e3o ser\u00e1 constitu\u00eddo em duas etapas (car\u00e1ter eliminat\u00f3rio e classificat\u00f3rio) \u2013&nbsp;<strong>an\u00e1lise curricular<\/strong>&nbsp;<strong>e entrevista.<\/strong><\/p>\n\n\n\n<p>Est\u00e3o sendo oferecidas tr\u00eas vagas para professores de Linguagens e C\u00f3digos, Ci\u00eancias da Natureza e Matem\u00e1tica e Ci\u00eancias Humanas do Ensino Fundamental II, em regime de 30 horas\/aulas no Programa.<\/p>\n\n\n\n<p><strong>As inscri\u00e7\u00f5es v\u00e3o at\u00e9 a pr\u00f3xima quarta-feira (30\/01)<\/strong>, das 08h \u00e0s 14h, na Secretaria da Educa\u00e7\u00e3o.<\/p>\n\n\n\n<p>No ato da inscri\u00e7\u00e3o, o candidato dever\u00e1 preencher o formul\u00e1rio de inscri\u00e7\u00e3o (letra leg\u00edvel ou digitado), e apresentar assinado pelo candidato \u00e0 comiss\u00e3o ou equipe designada. As inscri\u00e7\u00f5es ser\u00e3o identificadas por n\u00famero de protocolo.<\/p>\n\n\n\n<p>A segunda fase constar\u00e1 de entrevista, realizada com os candidatos classificados.<\/p>\n\n\n\n<p><a href=\"http:\/\/www.sume.pb.gov.br\/wp-content\/uploads\/2019\/01\/EDITAL-PSS-EDUCARE_Professor.pdf\">Clique aqui e confira o Edital com todas as informa\u00e7\u00f5es<\/a><\/p>\n","protected":false},"excerpt":{"rendered":"<p>A Secretaria de Educa\u00e7\u00e3o de Sum\u00e9 est\u00e1 com inscri\u00e7\u00f5es abertas para o Processo Seletivo de contrata\u00e7\u00e3o tempor\u00e1ria em car\u00e1ter excepcional de profissional habilitado para os&hellip; <\/p>\n","protected":false},"author":1,"featured_media":36268,"comment_status":"closed","ping_status":"closed","sticky":false,"template":"","format":"standard","meta":{"sfsi_plus_gutenberg_text_before_share":"","sfsi_plus_gutenberg_show_text_before_share":"","sfsi_plus_gutenberg_icon_type":"","sfsi_plus_gutenberg_icon_alignemt":"","sfsi_plus_gutenburg_max_per_row":"","footnotes":""},"categories":[6,50],"tags":[],"class_list":["post-82291","post","type-post","status-publish","format-standard","has-post-thumbnail","hentry","category-cidades","category-destaque"],"_links":{"self":[{"href":"https:\/\/www.caririemacao.com\/1\/wp-json\/wp\/v2\/posts\/82291","targetHints":{"allow":["GET"]}}],"collection":[{"href":"https:\/\/www.caririemacao.com\/1\/wp-json\/wp\/v2\/posts"}],"about":[{"href":"https:\/\/www.caririemacao.com\/1\/wp-json\/wp\/v2\/types\/post"}],"author":[{"embeddable":true,"href":"https:\/\/www.caririemacao.com\/1\/wp-json\/wp\/v2\/users\/1"}],"replies":[{"embeddable":true,"href":"https:\/\/www.caririemacao.com\/1\/wp-json\/wp\/v2\/comments?post=82291"}],"version-history":[{"count":1,"href":"https:\/\/www.caririemacao.com\/1\/wp-json\/wp\/v2\/posts\/82291\/revisions"}],"predecessor-version":[{"id":82292,"href":"https:\/\/www.caririemacao.com\/1\/wp-json\/wp\/v2\/posts\/82291\/revisions\/82292"}],"wp:featuredmedia":[{"embeddable":true,"href":"https:\/\/www.caririemacao.com\/1\/wp-json\/wp\/v2\/media\/36268"}],"wp:attachment":[{"href":"https:\/\/www.caririemacao.com\/1\/wp-json\/wp\/v2\/media?parent=82291"}],"wp:term":[{"taxonomy":"category","embeddable":true,"href":"https:\/\/www.caririemacao.com\/1\/wp-json\/wp\/v2\/categories?post=82291"},{"taxonomy":"post_tag","embeddable":true,"href":"https:\/\/www.caririemacao.com\/1\/wp-json\/wp\/v2\/tags?post=82291"}],"curies":[{"name":"wp","href":"https:\/\/api.w.org\/{rel}","templated":true}]}}