{"id":82312,"date":"2019-01-28T19:28:21","date_gmt":"2019-01-28T22:28:21","guid":{"rendered":"http:\/\/www.caririemacao.com\/1\/?p=82312"},"modified":"2019-01-28T19:28:24","modified_gmt":"2019-01-28T22:28:24","slug":"chuva-e-vento-antena-de-internet-corre-risco-de-cair-e-preocupa-moradores-de-cidade-do-cariri","status":"publish","type":"post","link":"https:\/\/www.caririemacao.com\/1\/2019\/01\/28\/chuva-e-vento-antena-de-internet-corre-risco-de-cair-e-preocupa-moradores-de-cidade-do-cariri\/","title":{"rendered":"Chuva e vento: antena de internet corre risco de cair e preocupa moradores de cidade do Cariri"},"content":{"rendered":"\n<p>Em Serra Branca \u2013 Com as chuvas desta segunda-feira (28), na cidade de Serra Branca, no Cariri, uma antena de internet localizada no centro da cidade, est\u00e1 correndo o risco de cair ap\u00f3s chuva com vento.<\/p>\n\n\n\n<p>A antena pertence a empresa Cariri Web, que est\u00e1 buscando solucionar o caso.<\/p>\n\n\n\n<p>No v\u00eddeo feito pelo jornalista, J\u00fanior Queiroz, do &nbsp;site&nbsp;<strong>Para\u00edba Mix<\/strong>, \u00e9 not\u00f3rio o n\u00edvel de inclina\u00e7\u00e3o da antena.<\/p>\n\n\n\n<p>Vejo v\u00eddeo completo:<\/p>\n\n\n\n<figure><iframe data-src=\"http:\/\/www.youtube.com\/embed\/pH4-QW-1i_k?version=3&amp;rel=1&amp;fs=1&amp;autohide=2&amp;showsearch=0&amp;showinfo=1&amp;iv_load_policy=1&amp;wmode=transparent\" allowfullscreen=\"true\" src=\"data:image\/svg+xml;base64,PHN2ZyB3aWR0aD0iMSIgaGVpZ2h0PSIxIiB4bWxucz0iaHR0cDovL3d3dy53My5vcmcvMjAwMC9zdmciPjwvc3ZnPg==\" class=\"lazyload\" data-load-mode=\"1\"><\/iframe><\/figure>\n\n\n\n<p><strong>Blog do Bruno Lira<\/strong><\/p>\n","protected":false},"excerpt":{"rendered":"<p>Em Serra Branca \u2013 Com as chuvas desta segunda-feira (28), na cidade de Serra Branca, no Cariri, uma antena de internet localizada no centro da&hellip; <\/p>\n","protected":false},"author":1,"featured_media":82313,"comment_status":"closed","ping_status":"closed","sticky":false,"template":"","format":"standard","meta":{"sfsi_plus_gutenberg_text_before_share":"","sfsi_plus_gutenberg_show_text_before_share":"","sfsi_plus_gutenberg_icon_type":"","sfsi_plus_gutenberg_icon_alignemt":"","sfsi_plus_gutenburg_max_per_row":"","footnotes":""},"categories":[2],"tags":[],"class_list":["post-82312","post","type-post","status-publish","format-standard","has-post-thumbnail","hentry","category-geral"],"_links":{"self":[{"href":"https:\/\/www.caririemacao.com\/1\/wp-json\/wp\/v2\/posts\/82312","targetHints":{"allow":["GET"]}}],"collection":[{"href":"https:\/\/www.caririemacao.com\/1\/wp-json\/wp\/v2\/posts"}],"about":[{"href":"https:\/\/www.caririemacao.com\/1\/wp-json\/wp\/v2\/types\/post"}],"author":[{"embeddable":true,"href":"https:\/\/www.caririemacao.com\/1\/wp-json\/wp\/v2\/users\/1"}],"replies":[{"embeddable":true,"href":"https:\/\/www.caririemacao.com\/1\/wp-json\/wp\/v2\/comments?post=82312"}],"version-history":[{"count":1,"href":"https:\/\/www.caririemacao.com\/1\/wp-json\/wp\/v2\/posts\/82312\/revisions"}],"predecessor-version":[{"id":82314,"href":"https:\/\/www.caririemacao.com\/1\/wp-json\/wp\/v2\/posts\/82312\/revisions\/82314"}],"wp:featuredmedia":[{"embeddable":true,"href":"https:\/\/www.caririemacao.com\/1\/wp-json\/wp\/v2\/media\/82313"}],"wp:attachment":[{"href":"https:\/\/www.caririemacao.com\/1\/wp-json\/wp\/v2\/media?parent=82312"}],"wp:term":[{"taxonomy":"category","embeddable":true,"href":"https:\/\/www.caririemacao.com\/1\/wp-json\/wp\/v2\/categories?post=82312"},{"taxonomy":"post_tag","embeddable":true,"href":"https:\/\/www.caririemacao.com\/1\/wp-json\/wp\/v2\/tags?post=82312"}],"curies":[{"name":"wp","href":"https:\/\/api.w.org\/{rel}","templated":true}]}}